{"id":5815,"date":"2014-10-13T18:58:42","date_gmt":"2014-10-13T17:58:42","guid":{"rendered":"http:\/\/www.europagymnasium.at\/\/?p=5815"},"modified":"2014-10-13T18:58:42","modified_gmt":"2014-10-13T17:58:42","slug":"kennenlerntage-der-5b","status":"publish","type":"post","link":"https:\/\/www.europagymnasium.at\/en\/2014\/10\/kennenlerntage-der-5b\/","title":{"rendered":"Kennenlerntage der 5B"},"content":{"rendered":"<p>Die f\u00fcnfte Klasse markiert den Beginn eines neuen Abschnitts. Einserseits bedeutet dieses Jahr den Einstieg in die Oberstufe mit gro\u00dfen und neuen Herausforderungen wie der Zentralmatura, andererseits finden sich viele Sch\u00fclerInnen in einem neuen Klassenverband wieder. Damit der \u00dcbergang und das Zurechtfinden in dieser neuen Situation m\u00f6glichst fl\u00fcssig gelingt, hat unsere Schule beschlossen am Beginn der f\u00fcnften Klasse sogenannte Kennenlerntage zu absolvieren. Die 5B Klasse verbrachte diese Tage am 2. und 3. Oktober in Wagrain im Salzburgerland. Das G\u00e4stehaus Oberwimm bot uns die optimale Umgebung und in Kooperation mit einer Outdoorschule auch perfekte Bedingungen um das sch\u00f6ne Herbstwetter entsprechend zu nutzen. Und so wurde der Gro\u00dfteil der Zeit im Freien verbracht, beim Flo\u00dfbau, Kistenturmbau und anderen teambildenden Aktivit\u00e4ten. Ziel des Programms war es, den Sch\u00fclerInnen Verantwortungsbewusstsein beizubringen, die Teamf\u00e4higkeit zu st\u00e4rken, die eigenen Grenzen auszuloten und seinen Platz in der Gruppe zu definieren. Haupts\u00e4chlich wollten wir uns &#8211; die Klasse ist ja aus zwei vierten Klassen zusammengew\u00fcrfelt und hat zwei komplett neue Sch\u00fclerinnen &#8211; gegenseitig besser kennen lernen. Auch f\u00fcr uns Lehrer ergaben sich interessante und lehrreiche Einblicke in die Gruppendynamik und bei ungezwungenen, pers\u00f6nlichen Gespr\u00e4chen konnte n\u00e4her auf einzelne Sch\u00fclerInnen eingegangen werden. In diesem Sinne freuen wir uns schon auf das neue, gemeinsame Schuljahr 2014\/15. Mag. Daniel Oberauner, KV 5B<\/p>\n<p>&nbsp;<\/p>\n<p>&nbsp;<\/p>\n<p><img decoding=\"async\" class=\"ngg_displayed_gallery mceItem\" src=\"http:\/\/www.europagymnasium.at\/nextgen-attach_to_post\/preview\/id--5885\" alt=\"\" \/><\/p>\n","protected":false},"excerpt":{"rendered":"<p class=\"post-excerpt\">Die f\u00fcnfte Klasse markiert den Beginn eines neuen Abschnitts. Einserseits bedeutet dieses Jahr den Einstieg in die Oberstufe mit gro\u00dfen&hellip;<\/p>\n<div class=\"link-more\"><a href=\"https:\/\/www.europagymnasium.at\/en\/2014\/10\/kennenlerntage-der-5b\/\">Continue reading<span class=\"screen-reader-text\"> \"Kennenlerntage der 5B\"<\/span>&hellip;<\/a><\/div>","protected":false},"author":1,"featured_media":5816,"comment_status":"open","ping_status":"open","sticky":false,"template":"","format":"standard","meta":{"footnotes":""},"categories":[1],"tags":[],"class_list":["post-5815","post","type-post","status-publish","format-standard","has-post-thumbnail","hentry","category-allgemein"],"_links":{"self":[{"href":"https:\/\/www.europagymnasium.at\/en\/wp-json\/wp\/v2\/posts\/5815","targetHints":{"allow":["GET"]}}],"collection":[{"href":"https:\/\/www.europagymnasium.at\/en\/wp-json\/wp\/v2\/posts"}],"about":[{"href":"https:\/\/www.europagymnasium.at\/en\/wp-json\/wp\/v2\/types\/post"}],"author":[{"embeddable":true,"href":"https:\/\/www.europagymnasium.at\/en\/wp-json\/wp\/v2\/users\/1"}],"replies":[{"embeddable":true,"href":"https:\/\/www.europagymnasium.at\/en\/wp-json\/wp\/v2\/comments?post=5815"}],"version-history":[{"count":0,"href":"https:\/\/www.europagymnasium.at\/en\/wp-json\/wp\/v2\/posts\/5815\/revisions"}],"wp:featuredmedia":[{"embeddable":true,"href":"https:\/\/www.europagymnasium.at\/en\/wp-json\/wp\/v2\/media\/5816"}],"wp:attachment":[{"href":"https:\/\/www.europagymnasium.at\/en\/wp-json\/wp\/v2\/media?parent=5815"}],"wp:term":[{"taxonomy":"category","embeddable":true,"href":"https:\/\/www.europagymnasium.at\/en\/wp-json\/wp\/v2\/categories?post=5815"},{"taxonomy":"post_tag","embeddable":true,"href":"https:\/\/www.europagymnasium.at\/en\/wp-json\/wp\/v2\/tags?post=5815"}],"curies":[{"name":"wp","href":"https:\/\/api.w.org\/{rel}","templated":true}]}}