{"id":27643,"date":"2026-04-27T23:04:24","date_gmt":"2026-04-27T21:04:24","guid":{"rendered":"https:\/\/www.europagymnasium.at\/?p=27643"},"modified":"2026-04-27T23:04:28","modified_gmt":"2026-04-27T21:04:28","slug":"welttag-des-buches","status":"publish","type":"post","link":"https:\/\/www.europagymnasium.at\/en\/2026\/04\/welttag-des-buches\/","title":{"rendered":"Welttag des Buches"},"content":{"rendered":"\n<p>&#8220;Wer liest, hat mehr im Kopf als nur Buchstabensuppe.&#8221;;-) &#8211; Am Welttag des Buches begr\u00fc\u00dfte das Team der Schulbibliothek die Sch\u00fclerInnen mit einem Lese-Snack to go. We hope you had some read-licious fun!\u00a0<\/p>\n<div dir=\"auto\">Vielen Dank auch an unsere flei\u00dfigen &#8220;SchneiderInnen&#8221; aus der 3A!<\/div>\n<div dir=\"auto\">\u00a0<\/div>\n<div dir=\"auto\"><img loading=\"lazy\" decoding=\"async\" class=\"alignnone size-medium wp-image-27644\" src=\"https:\/\/www.europagymnasium.at\/wp-content\/uploads\/2026\/04\/1000121256-744x558.jpg\" alt=\"\" width=\"744\" height=\"558\" srcset=\"https:\/\/www.europagymnasium.at\/wp-content\/uploads\/2026\/04\/1000121256-744x558.jpg 744w, https:\/\/www.europagymnasium.at\/wp-content\/uploads\/2026\/04\/1000121256-1200x900.jpg 1200w, https:\/\/www.europagymnasium.at\/wp-content\/uploads\/2026\/04\/1000121256-420x315.jpg 420w, https:\/\/www.europagymnasium.at\/wp-content\/uploads\/2026\/04\/1000121256-768x576.jpg 768w, https:\/\/www.europagymnasium.at\/wp-content\/uploads\/2026\/04\/1000121256-400x300.jpg 400w, https:\/\/www.europagymnasium.at\/wp-content\/uploads\/2026\/04\/1000121256-1536x1152.jpg 1536w, https:\/\/www.europagymnasium.at\/wp-content\/uploads\/2026\/04\/1000121256-2048x1536.jpg 2048w\" sizes=\"auto, (max-width: 744px) 100vw, 744px\" \/> <img loading=\"lazy\" decoding=\"async\" class=\"alignnone size-medium wp-image-27646\" src=\"https:\/\/www.europagymnasium.at\/wp-content\/uploads\/2026\/04\/1000121260-744x992.jpg\" alt=\"\" width=\"744\" height=\"992\" srcset=\"https:\/\/www.europagymnasium.at\/wp-content\/uploads\/2026\/04\/1000121260-744x992.jpg 744w, https:\/\/www.europagymnasium.at\/wp-content\/uploads\/2026\/04\/1000121260-1200x1600.jpg 1200w, https:\/\/www.europagymnasium.at\/wp-content\/uploads\/2026\/04\/1000121260-420x560.jpg 420w, https:\/\/www.europagymnasium.at\/wp-content\/uploads\/2026\/04\/1000121260-768x1024.jpg 768w, https:\/\/www.europagymnasium.at\/wp-content\/uploads\/2026\/04\/1000121260-225x300.jpg 225w, https:\/\/www.europagymnasium.at\/wp-content\/uploads\/2026\/04\/1000121260-1152x1536.jpg 1152w, https:\/\/www.europagymnasium.at\/wp-content\/uploads\/2026\/04\/1000121260-1536x2048.jpg 1536w, https:\/\/www.europagymnasium.at\/wp-content\/uploads\/2026\/04\/1000121260-scaled.jpg 1920w\" sizes=\"auto, (max-width: 744px) 100vw, 744px\" \/> <img loading=\"lazy\" decoding=\"async\" class=\"alignnone size-medium wp-image-27648\" src=\"https:\/\/www.europagymnasium.at\/wp-content\/uploads\/2026\/04\/1000121379-744x992.jpg\" alt=\"\" width=\"744\" height=\"992\" srcset=\"https:\/\/www.europagymnasium.at\/wp-content\/uploads\/2026\/04\/1000121379-744x992.jpg 744w, https:\/\/www.europagymnasium.at\/wp-content\/uploads\/2026\/04\/1000121379-1200x1600.jpg 1200w, https:\/\/www.europagymnasium.at\/wp-content\/uploads\/2026\/04\/1000121379-420x560.jpg 420w, https:\/\/www.europagymnasium.at\/wp-content\/uploads\/2026\/04\/1000121379-768x1024.jpg 768w, https:\/\/www.europagymnasium.at\/wp-content\/uploads\/2026\/04\/1000121379-225x300.jpg 225w, https:\/\/www.europagymnasium.at\/wp-content\/uploads\/2026\/04\/1000121379-1152x1536.jpg 1152w, https:\/\/www.europagymnasium.at\/wp-content\/uploads\/2026\/04\/1000121379.jpg 1536w\" sizes=\"auto, (max-width: 744px) 100vw, 744px\" \/> <img loading=\"lazy\" decoding=\"async\" class=\"alignnone size-medium wp-image-27650\" src=\"https:\/\/www.europagymnasium.at\/wp-content\/uploads\/2026\/04\/1000121378-744x558.jpg\" alt=\"\" width=\"744\" height=\"558\" srcset=\"https:\/\/www.europagymnasium.at\/wp-content\/uploads\/2026\/04\/1000121378-744x558.jpg 744w, https:\/\/www.europagymnasium.at\/wp-content\/uploads\/2026\/04\/1000121378-1200x900.jpg 1200w, https:\/\/www.europagymnasium.at\/wp-content\/uploads\/2026\/04\/1000121378-420x315.jpg 420w, https:\/\/www.europagymnasium.at\/wp-content\/uploads\/2026\/04\/1000121378-768x576.jpg 768w, https:\/\/www.europagymnasium.at\/wp-content\/uploads\/2026\/04\/1000121378-400x300.jpg 400w, https:\/\/www.europagymnasium.at\/wp-content\/uploads\/2026\/04\/1000121378-1536x1152.jpg 1536w, https:\/\/www.europagymnasium.at\/wp-content\/uploads\/2026\/04\/1000121378.jpg 2048w\" sizes=\"auto, (max-width: 744px) 100vw, 744px\" \/><\/div>\n","protected":false},"excerpt":{"rendered":"<p class=\"post-excerpt\">&#8220;Wer liest, hat mehr im Kopf als nur Buchstabensuppe.&#8221;;-) &#8211; Am Welttag des Buches begr\u00fc\u00dfte das Team der Schulbibliothek die&hellip;<\/p>\n<div class=\"link-more\"><a href=\"https:\/\/www.europagymnasium.at\/en\/2026\/04\/welttag-des-buches\/\">Continue reading<span class=\"screen-reader-text\"> \"Welttag des Buches\"<\/span>&hellip;<\/a><\/div>","protected":false},"author":14,"featured_media":27650,"comment_status":"closed","ping_status":"closed","sticky":false,"template":"","format":"standard","meta":{"footnotes":""},"categories":[5],"tags":[],"class_list":["post-27643","post","type-post","status-publish","format-standard","has-post-thumbnail","hentry","category-unkategorisiert"],"_links":{"self":[{"href":"https:\/\/www.europagymnasium.at\/en\/wp-json\/wp\/v2\/posts\/27643","targetHints":{"allow":["GET"]}}],"collection":[{"href":"https:\/\/www.europagymnasium.at\/en\/wp-json\/wp\/v2\/posts"}],"about":[{"href":"https:\/\/www.europagymnasium.at\/en\/wp-json\/wp\/v2\/types\/post"}],"author":[{"embeddable":true,"href":"https:\/\/www.europagymnasium.at\/en\/wp-json\/wp\/v2\/users\/14"}],"replies":[{"embeddable":true,"href":"https:\/\/www.europagymnasium.at\/en\/wp-json\/wp\/v2\/comments?post=27643"}],"version-history":[{"count":1,"href":"https:\/\/www.europagymnasium.at\/en\/wp-json\/wp\/v2\/posts\/27643\/revisions"}],"predecessor-version":[{"id":27652,"href":"https:\/\/www.europagymnasium.at\/en\/wp-json\/wp\/v2\/posts\/27643\/revisions\/27652"}],"wp:featuredmedia":[{"embeddable":true,"href":"https:\/\/www.europagymnasium.at\/en\/wp-json\/wp\/v2\/media\/27650"}],"wp:attachment":[{"href":"https:\/\/www.europagymnasium.at\/en\/wp-json\/wp\/v2\/media?parent=27643"}],"wp:term":[{"taxonomy":"category","embeddable":true,"href":"https:\/\/www.europagymnasium.at\/en\/wp-json\/wp\/v2\/categories?post=27643"},{"taxonomy":"post_tag","embeddable":true,"href":"https:\/\/www.europagymnasium.at\/en\/wp-json\/wp\/v2\/tags?post=27643"}],"curies":[{"name":"wp","href":"https:\/\/api.w.org\/{rel}","templated":true}]}}