{"id":22365,"date":"2022-10-23T13:20:20","date_gmt":"2022-10-23T11:20:20","guid":{"rendered":"http:\/\/www.europagymnasium.at\/?p=22365"},"modified":"2022-10-23T13:20:20","modified_gmt":"2022-10-23T11:20:20","slug":"verleihung-der-tewi-schuelerinnenpreise","status":"publish","type":"post","link":"https:\/\/www.europagymnasium.at\/en\/2022\/10\/verleihung-der-tewi-schuelerinnenpreise\/","title":{"rendered":"Verleihung der TEWI-Sch\u00fcler*innenpreise"},"content":{"rendered":"\n<p>Am 16. September 2022 wurden an der Alpenadria Universit\u00e4t herausragende vorwissenschaftliche Arbeiten aus ganz \u00d6sterreich pr\u00e4miert.<\/p>\n<p><span style=\"text-decoration: underline;\">Thomas Vu<\/span> wurde f\u00fcr seine Arbeit mit dem Titel:<\/p>\n<p><strong>&#8220;Die Blockchain-Technologie, dezentrale&nbsp;Datenbanken und ihre Anwendungsbereiche&#8221;<\/strong><\/p>\n<p>der TEWI-Sch\u00fcler*innenpreis (2.Platz) verliehen. Die Aktualit\u00e4t des Themas und der Literatur, sowie die hervorragende Strukturierung der Arbeit und die verst\u00e4ndliche Aufarbeitung eines sehr komplexen Themas wurden bei der Pr\u00e4mierung beonders hervorgehoben.<\/p>\n<p>Wir gratulieren!<\/p>\n\n\n\n<p><img loading=\"lazy\" decoding=\"async\" class=\"size-full wp-image-22368\" src=\"http:\/\/www.europagymnasium.at\/wp-content\/uploads\/2022\/10\/P1010668.jpg\" alt=\"\" width=\"558\" height=\"744\" srcset=\"https:\/\/www.europagymnasium.at\/wp-content\/uploads\/2022\/10\/P1010668.jpg 558w, https:\/\/www.europagymnasium.at\/wp-content\/uploads\/2022\/10\/P1010668-420x560.jpg 420w, https:\/\/www.europagymnasium.at\/wp-content\/uploads\/2022\/10\/P1010668-225x300.jpg 225w\" sizes=\"auto, (max-width: 558px) 100vw, 558px\" \/><\/p>\n","protected":false},"excerpt":{"rendered":"<p class=\"post-excerpt\">Am 16. September 2022 wurden an der Alpenadria Universit\u00e4t herausragende vorwissenschaftliche Arbeiten aus ganz \u00d6sterreich pr\u00e4miert. Thomas Vu wurde f\u00fcr&hellip;<\/p>\n<div class=\"link-more\"><a href=\"https:\/\/www.europagymnasium.at\/en\/2022\/10\/verleihung-der-tewi-schuelerinnenpreise\/\">Continue reading<span class=\"screen-reader-text\"> \"Verleihung der TEWI-Sch\u00fcler*innenpreise\"<\/span>&hellip;<\/a><\/div>","protected":false},"author":1,"featured_media":22371,"comment_status":"closed","ping_status":"closed","sticky":false,"template":"","format":"standard","meta":{"footnotes":""},"categories":[6],"tags":[],"class_list":["post-22365","post","type-post","status-publish","format-standard","has-post-thumbnail","hentry","category-veranstaltungen"],"_links":{"self":[{"href":"https:\/\/www.europagymnasium.at\/en\/wp-json\/wp\/v2\/posts\/22365","targetHints":{"allow":["GET"]}}],"collection":[{"href":"https:\/\/www.europagymnasium.at\/en\/wp-json\/wp\/v2\/posts"}],"about":[{"href":"https:\/\/www.europagymnasium.at\/en\/wp-json\/wp\/v2\/types\/post"}],"author":[{"embeddable":true,"href":"https:\/\/www.europagymnasium.at\/en\/wp-json\/wp\/v2\/users\/1"}],"replies":[{"embeddable":true,"href":"https:\/\/www.europagymnasium.at\/en\/wp-json\/wp\/v2\/comments?post=22365"}],"version-history":[{"count":2,"href":"https:\/\/www.europagymnasium.at\/en\/wp-json\/wp\/v2\/posts\/22365\/revisions"}],"predecessor-version":[{"id":22373,"href":"https:\/\/www.europagymnasium.at\/en\/wp-json\/wp\/v2\/posts\/22365\/revisions\/22373"}],"wp:featuredmedia":[{"embeddable":true,"href":"https:\/\/www.europagymnasium.at\/en\/wp-json\/wp\/v2\/media\/22371"}],"wp:attachment":[{"href":"https:\/\/www.europagymnasium.at\/en\/wp-json\/wp\/v2\/media?parent=22365"}],"wp:term":[{"taxonomy":"category","embeddable":true,"href":"https:\/\/www.europagymnasium.at\/en\/wp-json\/wp\/v2\/categories?post=22365"},{"taxonomy":"post_tag","embeddable":true,"href":"https:\/\/www.europagymnasium.at\/en\/wp-json\/wp\/v2\/tags?post=22365"}],"curies":[{"name":"wp","href":"https:\/\/api.w.org\/{rel}","templated":true}]}}