{"id":12954,"date":"2019-10-13T11:31:08","date_gmt":"2019-10-13T09:31:08","guid":{"rendered":"http:\/\/www.europagymnasium.at\/\/?p=12954"},"modified":"2021-12-28T13:05:44","modified_gmt":"2021-12-28T12:05:44","slug":"la-france-landeskunde-einmal-dreidimensional-und-in-farbe","status":"publish","type":"post","link":"https:\/\/www.europagymnasium.at\/en\/2019\/10\/la-france-landeskunde-einmal-dreidimensional-und-in-farbe\/","title":{"rendered":"La France: Landeskunde einmal dreidimensional und in Farbe!"},"content":{"rendered":"<p>Eine \u00e4u\u00dferst kreative und geographisch herausfordernde Woche haben die Franz\u00f6sisch Sch\u00fclerInnen der 4ABC hinter sich. Entdecke Frankreich aber richtig: Wo befinden sich welche St\u00e4dte? Welche Gebirge gibt es, wie sehen sie aus und wo liegen sie? Was? In Frankreich gibt es Vulkane, die ganz gr\u00fcn sind? Tr\u00e8s int\u00e9ressant!<\/p>\n<p><a href=\"http:\/\/www.europagymnasium.at\/wp-content\/uploads\/2019\/10\/IMG_20190926_111607.jpg\"><img loading=\"lazy\" decoding=\"async\" class=\"size-thumbnail wp-image-12955\" src=\"http:\/\/www.europagymnasium.at\/wp-content\/uploads\/2019\/10\/IMG_20190926_111607-420x315.jpg\" alt=\"\" width=\"420\" height=\"315\" srcset=\"https:\/\/www.europagymnasium.at\/wp-content\/uploads\/2019\/10\/IMG_20190926_111607-420x315.jpg 420w, https:\/\/www.europagymnasium.at\/wp-content\/uploads\/2019\/10\/IMG_20190926_111607-744x558.jpg 744w, https:\/\/www.europagymnasium.at\/wp-content\/uploads\/2019\/10\/IMG_20190926_111607-768x576.jpg 768w, https:\/\/www.europagymnasium.at\/wp-content\/uploads\/2019\/10\/IMG_20190926_111607-400x300.jpg 400w, https:\/\/www.europagymnasium.at\/wp-content\/uploads\/2019\/10\/IMG_20190926_111607.jpg 1024w\" sizes=\"auto, (max-width: 420px) 100vw, 420px\" \/><\/a><\/p>\n<p><a href=\"http:\/\/www.europagymnasium.at\/wp-content\/uploads\/2019\/10\/IMG_20190927_092939.jpg\"><img loading=\"lazy\" decoding=\"async\" class=\"size-thumbnail wp-image-12956\" src=\"http:\/\/www.europagymnasium.at\/wp-content\/uploads\/2019\/10\/IMG_20190927_092939-420x315.jpg\" alt=\"\" width=\"420\" height=\"315\" srcset=\"https:\/\/www.europagymnasium.at\/wp-content\/uploads\/2019\/10\/IMG_20190927_092939-420x315.jpg 420w, https:\/\/www.europagymnasium.at\/wp-content\/uploads\/2019\/10\/IMG_20190927_092939-744x558.jpg 744w, https:\/\/www.europagymnasium.at\/wp-content\/uploads\/2019\/10\/IMG_20190927_092939-768x576.jpg 768w, https:\/\/www.europagymnasium.at\/wp-content\/uploads\/2019\/10\/IMG_20190927_092939-400x300.jpg 400w, https:\/\/www.europagymnasium.at\/wp-content\/uploads\/2019\/10\/IMG_20190927_092939.jpg 1024w\" sizes=\"auto, (max-width: 420px) 100vw, 420px\" \/><\/a><\/p>\n<p><a href=\"http:\/\/www.europagymnasium.at\/wp-content\/uploads\/2019\/10\/IMG_20190927_093106.jpg\"><img loading=\"lazy\" decoding=\"async\" class=\"size-thumbnail wp-image-12958\" src=\"http:\/\/www.europagymnasium.at\/wp-content\/uploads\/2019\/10\/IMG_20190927_093106-420x315.jpg\" alt=\"\" width=\"420\" height=\"315\" srcset=\"https:\/\/www.europagymnasium.at\/wp-content\/uploads\/2019\/10\/IMG_20190927_093106-420x315.jpg 420w, https:\/\/www.europagymnasium.at\/wp-content\/uploads\/2019\/10\/IMG_20190927_093106-744x558.jpg 744w, https:\/\/www.europagymnasium.at\/wp-content\/uploads\/2019\/10\/IMG_20190927_093106-768x576.jpg 768w, https:\/\/www.europagymnasium.at\/wp-content\/uploads\/2019\/10\/IMG_20190927_093106-400x300.jpg 400w, https:\/\/www.europagymnasium.at\/wp-content\/uploads\/2019\/10\/IMG_20190927_093106.jpg 1024w\" sizes=\"auto, (max-width: 420px) 100vw, 420px\" \/><\/a><\/p>\n<p>Nun stellte sich aber die Frage, wie soll das Wissen zu Papier gebracht werden? Einfach indem es aus dem Papier \u201eheraus kommt\u201c. Entstanden sind drei gro\u00dfartige topographische Karten von Frankreich, gebastelt aus Acrylfarbe, Eierkarton, \u00d6lkreide, Pappe, Wasserfarben, Zeitungspapier etc.<\/p>\n<p>Diese k\u00f6nnen im Stiegenhaus vor den Sprachzimmern bewundert werden!<\/p>\n<p><span lang=\"fr-FR\">F\u00e9licitation aux \u00e9l\u00e8ves! Bon travail!<\/span><\/p>\n<p>&nbsp;<\/p>\n","protected":false},"excerpt":{"rendered":"<p class=\"post-excerpt\">Eine \u00e4u\u00dferst kreative und geographisch herausfordernde Woche haben die Franz\u00f6sisch Sch\u00fclerInnen der 4ABC hinter sich. Entdecke Frankreich aber richtig: Wo&hellip;<\/p>\n<div class=\"link-more\"><a href=\"https:\/\/www.europagymnasium.at\/en\/2019\/10\/la-france-landeskunde-einmal-dreidimensional-und-in-farbe\/\">Continue reading<span class=\"screen-reader-text\"> \"La France: Landeskunde einmal dreidimensional und in Farbe!\"<\/span>&hellip;<\/a><\/div>","protected":false},"author":1,"featured_media":12956,"comment_status":"closed","ping_status":"closed","sticky":false,"template":"","format":"standard","meta":{"footnotes":""},"categories":[5],"tags":[],"class_list":["post-12954","post","type-post","status-publish","format-standard","has-post-thumbnail","hentry","category-unkategorisiert"],"_links":{"self":[{"href":"https:\/\/www.europagymnasium.at\/en\/wp-json\/wp\/v2\/posts\/12954","targetHints":{"allow":["GET"]}}],"collection":[{"href":"https:\/\/www.europagymnasium.at\/en\/wp-json\/wp\/v2\/posts"}],"about":[{"href":"https:\/\/www.europagymnasium.at\/en\/wp-json\/wp\/v2\/types\/post"}],"author":[{"embeddable":true,"href":"https:\/\/www.europagymnasium.at\/en\/wp-json\/wp\/v2\/users\/1"}],"replies":[{"embeddable":true,"href":"https:\/\/www.europagymnasium.at\/en\/wp-json\/wp\/v2\/comments?post=12954"}],"version-history":[{"count":2,"href":"https:\/\/www.europagymnasium.at\/en\/wp-json\/wp\/v2\/posts\/12954\/revisions"}],"predecessor-version":[{"id":18793,"href":"https:\/\/www.europagymnasium.at\/en\/wp-json\/wp\/v2\/posts\/12954\/revisions\/18793"}],"wp:featuredmedia":[{"embeddable":true,"href":"https:\/\/www.europagymnasium.at\/en\/wp-json\/wp\/v2\/media\/12956"}],"wp:attachment":[{"href":"https:\/\/www.europagymnasium.at\/en\/wp-json\/wp\/v2\/media?parent=12954"}],"wp:term":[{"taxonomy":"category","embeddable":true,"href":"https:\/\/www.europagymnasium.at\/en\/wp-json\/wp\/v2\/categories?post=12954"},{"taxonomy":"post_tag","embeddable":true,"href":"https:\/\/www.europagymnasium.at\/en\/wp-json\/wp\/v2\/tags?post=12954"}],"curies":[{"name":"wp","href":"https:\/\/api.w.org\/{rel}","templated":true}]}}