{"id":12133,"date":"2018-12-01T12:52:21","date_gmt":"2018-12-01T11:52:21","guid":{"rendered":"http:\/\/www.europagymnasium.at\/\/?p=12133"},"modified":"2021-12-28T13:05:38","modified_gmt":"2021-12-28T12:05:38","slug":"preisverleihung-in-der-bibliothek","status":"publish","type":"post","link":"https:\/\/www.europagymnasium.at\/en\/2018\/12\/preisverleihung-in-der-bibliothek\/","title":{"rendered":"Preisverleihung in der Bibliothek"},"content":{"rendered":"<p><span style=\"color: #3b3b3b;\"><span style=\"font-family: Arial, sans-serif;\">Die Preisverleihung im Rahmen des Lesewettbewerbs <\/span><\/span><span style=\"color: #3b3b3b;\"><span style=\"font-family: Arial, sans-serif;\"><b>Read and Win<\/b><\/span><\/span><span style=\"color: #3b3b3b;\"><span style=\"font-family: Arial, sans-serif;\"> (readandwin.at), an dem unsere Schule teilgenommen hat, fand am 28.11.2018 in Anwesenheit der Landtagsabgeordneten Ruth Feistritzer, des Herrn Mag. Werner Molitschnig vom Bibliotheksverband K\u00e4rnten und der Frau Tanja Scherer vom Landesjugendreferat K\u00e4rnten in der Bibliothek statt. Die stolze Gewinnerin des Hauptpreises \u2013 ein iPad &#8211; ist Viktoria Groiss aus der 4A unserer Schule. Sie konnte die Jury mit ihrem kreativen Text \u00fcberzeugen. Wir gratulieren unserer Gewinnerin!<\/span><\/span><\/p>\n<p><span style=\"color: #3b3b3b;\"><span style=\"font-family: Arial, sans-serif;\">Auch im n\u00e4chsten Jahr findet dieser Wettbewerb statt und wir w\u00fcnschen, dass m\u00f6glichst viele Sch\u00fclerInnen daran teilnehmen &#8211; vielleicht winkt wieder ein toller Gewinn! <\/span><\/span><\/p>\n<p><a href=\"http:\/\/www.europagymnasium.at\/wp-content\/uploads\/2018\/12\/IMG-20181129-WA0000.jpg\"><img loading=\"lazy\" decoding=\"async\" class=\"alignnone size-thumbnail wp-image-12134\" src=\"http:\/\/www.europagymnasium.at\/wp-content\/uploads\/2018\/12\/IMG-20181129-WA0000-420x315.jpg\" alt=\"\" width=\"420\" height=\"315\" srcset=\"https:\/\/www.europagymnasium.at\/wp-content\/uploads\/2018\/12\/IMG-20181129-WA0000-420x315.jpg 420w, https:\/\/www.europagymnasium.at\/wp-content\/uploads\/2018\/12\/IMG-20181129-WA0000-744x558.jpg 744w, https:\/\/www.europagymnasium.at\/wp-content\/uploads\/2018\/12\/IMG-20181129-WA0000-768x576.jpg 768w, https:\/\/www.europagymnasium.at\/wp-content\/uploads\/2018\/12\/IMG-20181129-WA0000-1200x901.jpg 1200w, https:\/\/www.europagymnasium.at\/wp-content\/uploads\/2018\/12\/IMG-20181129-WA0000-400x300.jpg 400w, https:\/\/www.europagymnasium.at\/wp-content\/uploads\/2018\/12\/IMG-20181129-WA0000.jpg 1599w\" sizes=\"auto, (max-width: 420px) 100vw, 420px\" \/><\/a><\/p>\n","protected":false},"excerpt":{"rendered":"<p class=\"post-excerpt\">Die Preisverleihung im Rahmen des Lesewettbewerbs Read and Win (readandwin.at), an dem unsere Schule teilgenommen hat, fand am 28.11.2018 in&hellip;<\/p>\n<div class=\"link-more\"><a href=\"https:\/\/www.europagymnasium.at\/en\/2018\/12\/preisverleihung-in-der-bibliothek\/\">Continue reading<span class=\"screen-reader-text\"> \"Preisverleihung in der Bibliothek\"<\/span>&hellip;<\/a><\/div>","protected":false},"author":1,"featured_media":12135,"comment_status":"closed","ping_status":"closed","sticky":false,"template":"","format":"standard","meta":{"footnotes":""},"categories":[5],"tags":[],"class_list":["post-12133","post","type-post","status-publish","format-standard","has-post-thumbnail","hentry","category-unkategorisiert"],"_links":{"self":[{"href":"https:\/\/www.europagymnasium.at\/en\/wp-json\/wp\/v2\/posts\/12133","targetHints":{"allow":["GET"]}}],"collection":[{"href":"https:\/\/www.europagymnasium.at\/en\/wp-json\/wp\/v2\/posts"}],"about":[{"href":"https:\/\/www.europagymnasium.at\/en\/wp-json\/wp\/v2\/types\/post"}],"author":[{"embeddable":true,"href":"https:\/\/www.europagymnasium.at\/en\/wp-json\/wp\/v2\/users\/1"}],"replies":[{"embeddable":true,"href":"https:\/\/www.europagymnasium.at\/en\/wp-json\/wp\/v2\/comments?post=12133"}],"version-history":[{"count":2,"href":"https:\/\/www.europagymnasium.at\/en\/wp-json\/wp\/v2\/posts\/12133\/revisions"}],"predecessor-version":[{"id":18625,"href":"https:\/\/www.europagymnasium.at\/en\/wp-json\/wp\/v2\/posts\/12133\/revisions\/18625"}],"wp:featuredmedia":[{"embeddable":true,"href":"https:\/\/www.europagymnasium.at\/en\/wp-json\/wp\/v2\/media\/12135"}],"wp:attachment":[{"href":"https:\/\/www.europagymnasium.at\/en\/wp-json\/wp\/v2\/media?parent=12133"}],"wp:term":[{"taxonomy":"category","embeddable":true,"href":"https:\/\/www.europagymnasium.at\/en\/wp-json\/wp\/v2\/categories?post=12133"},{"taxonomy":"post_tag","embeddable":true,"href":"https:\/\/www.europagymnasium.at\/en\/wp-json\/wp\/v2\/tags?post=12133"}],"curies":[{"name":"wp","href":"https:\/\/api.w.org\/{rel}","templated":true}]}}