{"id":11632,"date":"2018-06-04T12:13:03","date_gmt":"2018-06-04T10:13:03","guid":{"rendered":"http:\/\/www.europagymnasium.at\/\/?p=11632"},"modified":"2021-12-28T13:05:35","modified_gmt":"2021-12-28T12:05:35","slug":"exkursion-der-3c-in-den-wappensaal-und-plenarsaal-des-kaerntner-landtags","status":"publish","type":"post","link":"https:\/\/www.europagymnasium.at\/en\/2018\/06\/exkursion-der-3c-in-den-wappensaal-und-plenarsaal-des-kaerntner-landtags\/","title":{"rendered":"Exkursion der 3C in den Wappensaal und Plenarsaal des K\u00e4rntner Landtags"},"content":{"rendered":"<p align=\"justify\"><span style=\"font-family: Arial, sans-serif;\"><span style=\"font-size: medium;\"><span lang=\"de-DE\">Die 3C befasste sich anl\u00e4sslich der K\u00e4rntner Landtagswahlen intensiv mit dem Wahlsystem \u00d6sterreichs und den drei S\u00e4ulen der Demokratie. Um einen Eindruck von der praktischen Umsetzung der im Unterricht erworbenen theoretischen Aspekte zu erlangen, begaben sich die Sch\u00fclerInnen der 3C am 14. Mai 2018 gemeinsam mit Prof. F\u00f6\u00dfl, Prof. Hutmann und Prof. Mikl in das Landhaus Klagenfurt, wo sich der Wappensaal sowie der Sitz des K\u00e4rntner Landtags befindet. <\/span><\/span><\/span><\/p>\n<p align=\"justify\"><span style=\"font-family: Arial, sans-serif;\"><span style=\"font-size: medium;\"><span lang=\"de-DE\">Nach einem Vortrag \u00fcber Klagenfurt in der Neuzeit wurde die Zusammensetzung des K\u00e4rntner Landtags, der Ablauf von Landtagssitzungen, sowie die Entstehung von Gesetzen im Plenarsaal erl\u00e4utert. Zudem stellte die Vortragende den Absolutismus der Demokratie gegen\u00fcber. Auf diesem Wege m\u00f6chten wir uns nochmals recht herzlich f\u00fcr die tolle F\u00fchrung bedanken! <\/span><\/span><\/span><\/p>\n<p lang=\"de-DE\" align=\"justify\"><img loading=\"lazy\" decoding=\"async\" class=\"alignnone size-thumbnail wp-image-11633\" src=\"http:\/\/www.europagymnasium.at\/wp-content\/uploads\/2018\/06\/Plenarsaal-2-420x315.jpg\" alt=\"\" width=\"420\" height=\"315\" srcset=\"https:\/\/www.europagymnasium.at\/wp-content\/uploads\/2018\/06\/Plenarsaal-2-420x315.jpg 420w, https:\/\/www.europagymnasium.at\/wp-content\/uploads\/2018\/06\/Plenarsaal-2-744x558.jpg 744w, https:\/\/www.europagymnasium.at\/wp-content\/uploads\/2018\/06\/Plenarsaal-2-768x576.jpg 768w, https:\/\/www.europagymnasium.at\/wp-content\/uploads\/2018\/06\/Plenarsaal-2-1200x900.jpg 1200w, https:\/\/www.europagymnasium.at\/wp-content\/uploads\/2018\/06\/Plenarsaal-2-400x300.jpg 400w, https:\/\/www.europagymnasium.at\/wp-content\/uploads\/2018\/06\/Plenarsaal-2.jpg 2048w\" sizes=\"auto, (max-width: 420px) 100vw, 420px\" \/> <img loading=\"lazy\" decoding=\"async\" class=\"alignnone size-thumbnail wp-image-11634\" src=\"http:\/\/www.europagymnasium.at\/wp-content\/uploads\/2018\/06\/Plenarsaal-3-420x315.jpg\" alt=\"\" width=\"420\" height=\"315\" srcset=\"https:\/\/www.europagymnasium.at\/wp-content\/uploads\/2018\/06\/Plenarsaal-3-420x315.jpg 420w, https:\/\/www.europagymnasium.at\/wp-content\/uploads\/2018\/06\/Plenarsaal-3-744x558.jpg 744w, https:\/\/www.europagymnasium.at\/wp-content\/uploads\/2018\/06\/Plenarsaal-3-768x576.jpg 768w, https:\/\/www.europagymnasium.at\/wp-content\/uploads\/2018\/06\/Plenarsaal-3-1200x900.jpg 1200w, https:\/\/www.europagymnasium.at\/wp-content\/uploads\/2018\/06\/Plenarsaal-3-400x300.jpg 400w, https:\/\/www.europagymnasium.at\/wp-content\/uploads\/2018\/06\/Plenarsaal-3.jpg 2048w\" sizes=\"auto, (max-width: 420px) 100vw, 420px\" \/><\/p>\n<p align=\"justify\"><a name=\"_GoBack\"><\/a> <span style=\"font-family: Arial, sans-serif;\"><span style=\"font-size: medium;\"><span lang=\"de-DE\">FSL<\/span><\/span><\/span><\/p>\n<p align=\"justify\">\n","protected":false},"excerpt":{"rendered":"<p class=\"post-excerpt\">Die 3C befasste sich anl\u00e4sslich der K\u00e4rntner Landtagswahlen intensiv mit dem Wahlsystem \u00d6sterreichs und den drei S\u00e4ulen der Demokratie. Um&hellip;<\/p>\n<div class=\"link-more\"><a href=\"https:\/\/www.europagymnasium.at\/en\/2018\/06\/exkursion-der-3c-in-den-wappensaal-und-plenarsaal-des-kaerntner-landtags\/\">Continue reading<span class=\"screen-reader-text\"> \"Exkursion der 3C in den Wappensaal und Plenarsaal des K\u00e4rntner Landtags\"<\/span>&hellip;<\/a><\/div>","protected":false},"author":1,"featured_media":11635,"comment_status":"closed","ping_status":"closed","sticky":false,"template":"","format":"standard","meta":{"footnotes":""},"categories":[5],"tags":[],"class_list":["post-11632","post","type-post","status-publish","format-standard","has-post-thumbnail","hentry","category-unkategorisiert"],"_links":{"self":[{"href":"https:\/\/www.europagymnasium.at\/en\/wp-json\/wp\/v2\/posts\/11632","targetHints":{"allow":["GET"]}}],"collection":[{"href":"https:\/\/www.europagymnasium.at\/en\/wp-json\/wp\/v2\/posts"}],"about":[{"href":"https:\/\/www.europagymnasium.at\/en\/wp-json\/wp\/v2\/types\/post"}],"author":[{"embeddable":true,"href":"https:\/\/www.europagymnasium.at\/en\/wp-json\/wp\/v2\/users\/1"}],"replies":[{"embeddable":true,"href":"https:\/\/www.europagymnasium.at\/en\/wp-json\/wp\/v2\/comments?post=11632"}],"version-history":[{"count":2,"href":"https:\/\/www.europagymnasium.at\/en\/wp-json\/wp\/v2\/posts\/11632\/revisions"}],"predecessor-version":[{"id":18553,"href":"https:\/\/www.europagymnasium.at\/en\/wp-json\/wp\/v2\/posts\/11632\/revisions\/18553"}],"wp:featuredmedia":[{"embeddable":true,"href":"https:\/\/www.europagymnasium.at\/en\/wp-json\/wp\/v2\/media\/11635"}],"wp:attachment":[{"href":"https:\/\/www.europagymnasium.at\/en\/wp-json\/wp\/v2\/media?parent=11632"}],"wp:term":[{"taxonomy":"category","embeddable":true,"href":"https:\/\/www.europagymnasium.at\/en\/wp-json\/wp\/v2\/categories?post=11632"},{"taxonomy":"post_tag","embeddable":true,"href":"https:\/\/www.europagymnasium.at\/en\/wp-json\/wp\/v2\/tags?post=11632"}],"curies":[{"name":"wp","href":"https:\/\/api.w.org\/{rel}","templated":true}]}}