{"id":6524,"date":"2014-12-23T19:55:25","date_gmt":"2014-12-23T18:55:25","guid":{"rendered":"http:\/\/www.europagymnasium.at\/\/?p=6524"},"modified":"2021-12-28T13:05:07","modified_gmt":"2021-12-28T12:05:07","slug":"das-leben-ist-die-groesste-kraft","status":"publish","type":"post","link":"https:\/\/www.europagymnasium.at\/de\/2014\/12\/das-leben-ist-die-groesste-kraft\/","title":{"rendered":"\u201eDas Leben ist die gr\u00f6\u00dfte Kraft\u201c!"},"content":{"rendered":"<p>Ein Gespr\u00e4ch \u00fcber das unertr\u00e4gliche Leiden, t\u00f6dliche Medikamente und den Zwang oder den Wunsch zu sterben.<\/p>\n<p align=\"left\">Univ.-Prof. Rudolf Likar im Gespr\u00e4ch.<\/p>\n<p align=\"left\">\n<p>Als Schmerzspezialist ist Dr. Rudolf Likar ein international gefragter Experte und gibt sein Wissen auch in Publikationen weiter.<\/p>\n<p>Prof. Likar gilt als Vorreiter beim Aufbau der hohen medizinischen Qualit\u00e4t im LKH Klagenfurt in den Bereichen der Schmerztherapie und Palliativmedizin sowie der Intensivmedizin, An\u00e4sthesie und Notfallmedizin.<\/p>\n<p>Seit J\u00e4nner 2010 ist er Primarius der Abteilung f\u00fcr An\u00e4sthesiologie und allgemeine Intensivmedizin.<\/p>\n<p>An seiner Palliativabteilung wurden in den letzten Jahren \u00fcber 3000 Patienten betreut. Mehrfach wurde er auch um Sterbehilfe gebeten.<\/p>\n<p>Zu diesem Thema hielt unser Gast einen Vortrag im Festsaal unserer Schule. Eingeladen waren die Klassen 6c, 7a, 7b, 7c, 8a, 8b und 8c.<\/p>\n<p>Ganz deutlich distanzierte sich Primar Likar von Umfragen, wonach eine Mehrheit die aktive Sterbehilfe bef\u00fcrwortet. Diese Umfragen spiegeln die Sichtweisen der Gesunden wider. \u201eWenn man Betroffene fragt, sieht das Ergebnis immer anders aus. Die Menschen wollen leben und in W\u00fcrde sterben\u201c. \u201eAn der Hand nicht durch die Hand eines Menschen sterben\u201c!<\/p>\n<p>An der Diskussion und dem Gespr\u00e4ch nahmen die Sch\u00fclerInnen sehr engagiert teil.<\/p>\n<p>Walter Gratzer<\/p>\n<p><img loading=\"lazy\" decoding=\"async\" class=\"alignnone size-thumbnail wp-image-6525\" src=\"http:\/\/www.europagymnasium.at\/wp-content\/uploads\/2014\/12\/DSCN4643-150x150.jpg\" alt=\"DSCN4643\" width=\"150\" height=\"150\" \/> <img loading=\"lazy\" decoding=\"async\" class=\"alignnone size-thumbnail wp-image-6526\" src=\"http:\/\/www.europagymnasium.at\/wp-content\/uploads\/2014\/12\/DSCN4644-150x150.jpg\" alt=\"DSCN4644\" width=\"150\" height=\"150\" \/> <img loading=\"lazy\" decoding=\"async\" class=\"alignnone size-thumbnail wp-image-6527\" src=\"http:\/\/www.europagymnasium.at\/wp-content\/uploads\/2014\/12\/DSCN4647-150x150.jpg\" alt=\"DSCN4647\" width=\"150\" height=\"150\" \/> <img loading=\"lazy\" decoding=\"async\" class=\"alignnone size-thumbnail wp-image-6528\" src=\"http:\/\/www.europagymnasium.at\/wp-content\/uploads\/2014\/12\/DSCN4651-150x150.jpg\" alt=\"DSCN4651\" width=\"150\" height=\"150\" \/> <img loading=\"lazy\" decoding=\"async\" class=\"alignnone size-thumbnail wp-image-6529\" src=\"http:\/\/www.europagymnasium.at\/wp-content\/uploads\/2014\/12\/DSCN4661-150x150.jpg\" alt=\"DSCN4661\" width=\"150\" height=\"150\" \/> <img loading=\"lazy\" decoding=\"async\" class=\"alignnone size-thumbnail wp-image-6530\" src=\"http:\/\/www.europagymnasium.at\/wp-content\/uploads\/2014\/12\/DSCN4664-150x150.jpg\" alt=\"DSCN4664\" width=\"150\" height=\"150\" \/>eu<\/p>\n","protected":false},"excerpt":{"rendered":"<p class=\"post-excerpt\">Ein Gespr\u00e4ch \u00fcber das unertr\u00e4gliche Leiden, t\u00f6dliche Medikamente und den Zwang oder den Wunsch zu sterben. Univ.-Prof. Rudolf Likar im&hellip;<\/p>\n<div class=\"link-more\"><a href=\"https:\/\/www.europagymnasium.at\/de\/2014\/12\/das-leben-ist-die-groesste-kraft\/\">Continue reading<span class=\"screen-reader-text\"> \"\u201eDas Leben ist die gr\u00f6\u00dfte Kraft\u201c!\"<\/span>&hellip;<\/a><\/div>","protected":false},"author":1,"featured_media":520,"comment_status":"open","ping_status":"open","sticky":false,"template":"","format":"standard","meta":{"footnotes":""},"categories":[1],"tags":[],"class_list":["post-6524","post","type-post","status-publish","format-standard","has-post-thumbnail","hentry","category-allgemein"],"_links":{"self":[{"href":"https:\/\/www.europagymnasium.at\/de\/wp-json\/wp\/v2\/posts\/6524","targetHints":{"allow":["GET"]}}],"collection":[{"href":"https:\/\/www.europagymnasium.at\/de\/wp-json\/wp\/v2\/posts"}],"about":[{"href":"https:\/\/www.europagymnasium.at\/de\/wp-json\/wp\/v2\/types\/post"}],"author":[{"embeddable":true,"href":"https:\/\/www.europagymnasium.at\/de\/wp-json\/wp\/v2\/users\/1"}],"replies":[{"embeddable":true,"href":"https:\/\/www.europagymnasium.at\/de\/wp-json\/wp\/v2\/comments?post=6524"}],"version-history":[{"count":1,"href":"https:\/\/www.europagymnasium.at\/de\/wp-json\/wp\/v2\/posts\/6524\/revisions"}],"predecessor-version":[{"id":17761,"href":"https:\/\/www.europagymnasium.at\/de\/wp-json\/wp\/v2\/posts\/6524\/revisions\/17761"}],"wp:featuredmedia":[{"embeddable":true,"href":"https:\/\/www.europagymnasium.at\/de\/wp-json\/wp\/v2\/media\/520"}],"wp:attachment":[{"href":"https:\/\/www.europagymnasium.at\/de\/wp-json\/wp\/v2\/media?parent=6524"}],"wp:term":[{"taxonomy":"category","embeddable":true,"href":"https:\/\/www.europagymnasium.at\/de\/wp-json\/wp\/v2\/categories?post=6524"},{"taxonomy":"post_tag","embeddable":true,"href":"https:\/\/www.europagymnasium.at\/de\/wp-json\/wp\/v2\/tags?post=6524"}],"curies":[{"name":"wp","href":"https:\/\/api.w.org\/{rel}","templated":true}]}}