{"id":6424,"date":"2014-12-18T15:15:04","date_gmt":"2014-12-18T14:15:04","guid":{"rendered":"http:\/\/www.europagymnasium.at\/\/?p=6424"},"modified":"2021-12-28T13:05:07","modified_gmt":"2021-12-28T12:05:07","slug":"fit-fuers-leben-workshop-der-2d-klasse","status":"publish","type":"post","link":"https:\/\/www.europagymnasium.at\/de\/2014\/12\/fit-fuers-leben-workshop-der-2d-klasse\/","title":{"rendered":"\u201eFit f\u00fcrs Leben\u201c \u2013 Workshop der 2D-Klasse"},"content":{"rendered":"<p align=\"justify\"><span style=\"font-family: 'Times New Roman', sans-serif;\"><span style=\"font-size: large;\">Im Rahmen des Workshops \u201eFit f\u00fcrs Leben\u201c, der die Sch\u00fclerInnen der 2D-Klasse (Ganztagsklasse) \u00fcber das Leben informieren und auf die Aufgaben im Alltag vorbereiten soll, wurden bereits einige Projekte durchgef\u00fchrt. Im Folgenden ein kurzer \u00dcberblick \u00fcber das bisherige Programm:<\/span><\/span><\/p>\n<p align=\"justify\"><a name=\"_GoBack\"><\/a> <span style=\"font-family: 'Times New Roman', sans-serif;\"><span style=\"font-size: large;\"><span style=\"text-decoration: underline;\"><b>Erste-Hilfe-Kurs:<\/b><\/span><\/span><\/span><b> <\/b><span style=\"font-family: 'Times New Roman', sans-serif;\"><span style=\"font-size: large;\">In einem 8-st\u00fcndigen Erste-Hilfe Kurs, geleitet von Ing. Helmut Firle des JugendRotKreuzes (<a href=\"http:\/\/www.jugendrotkreuz.at\/\">http:\/\/www.jugendrotkreuz.at\/<\/a>), h\u00f6rten die Sch\u00fclerInnen die wichtigsten Informationen zum Thema \u201eErste Hilfe\u201c und erlernten die richtige Vorgehensweise f\u00fcr den Notfall.<\/span><\/span><\/p>\n<p align=\"justify\"><span style=\"font-family: 'Times New Roman', sans-serif;\"><span style=\"font-size: large;\"><span style=\"text-decoration: underline;\"><b>Ern\u00e4hrungsworkshop:<\/b><\/span><\/span><\/span><span style=\"font-family: 'Times New Roman', sans-serif;\"><span style=\"font-size: large;\"> Durch Unterst\u00fctzung des Vereins \u201eSuperkids\u201c (<a href=\"http:\/\/www.superkids.at\/\">http:\/\/www.superkids.at\/<\/a>) wurden die Sch\u00fclerInnen im Rahmen eines Ern\u00e4hrungsworkshops \u00fcber die Ern\u00e4hrungspyramide informiert und konnten selbst eine gesunde Jause vorbereiten. <\/span><\/span><\/p>\n<p align=\"justify\"><span style=\"font-family: 'Times New Roman', sans-serif;\"><span style=\"font-size: large;\"><span style=\"text-decoration: underline;\"><b>Weihnachtsbasar:<\/b><\/span><\/span><\/span><span style=\"font-family: 'Times New Roman', sans-serif;\"><span style=\"font-size: large;\"> Am Elternsprechtag (01.12.2014) sammelte die 2D-Klasse f\u00fcr einen guten Zweck \u2013 anhand selbstgebastelter Windlichter sowie selbstgemachter Apfelgelees und Pralinen konnte das Projekt \u201eIniciativ Angola\u201c (<a href=\"http:\/\/www.angola.at\/\">http:\/\/www.angola.at\/<\/a>) finanziell unterst\u00fctzt werden.<\/span><\/span><\/p>\n<p align=\"justify\"><span style=\"font-family: 'Times New Roman', sans-serif;\"><span style=\"font-size: large;\"><img loading=\"lazy\" decoding=\"async\" class=\"alignnone size-medium wp-image-6425\" src=\"http:\/\/www.europagymnasium.at\/wp-content\/uploads\/2014\/12\/P1150145-225x300.jpg\" alt=\"P1150145\" width=\"225\" height=\"300\" \/> <\/span><\/span><\/p>\n<p align=\"justify\"><span style=\"font-family: 'Times New Roman', sans-serif;\"><span style=\"font-size: large;\"><img loading=\"lazy\" decoding=\"async\" class=\"alignnone size-medium wp-image-6426\" src=\"http:\/\/www.europagymnasium.at\/wp-content\/uploads\/2014\/12\/P1150154-300x225.jpg\" alt=\"P1150154\" width=\"300\" height=\"225\" \/> <\/span><\/span><\/p>\n<p align=\"justify\"><span style=\"font-family: 'Times New Roman', sans-serif;\"><span style=\"font-size: large;\"><img loading=\"lazy\" decoding=\"async\" class=\"alignnone size-medium wp-image-6427\" src=\"http:\/\/www.europagymnasium.at\/wp-content\/uploads\/2014\/12\/P1150166-300x225.jpg\" alt=\"P1150166\" width=\"300\" height=\"225\" \/> <\/span><\/span><\/p>\n<p align=\"justify\"><span style=\"font-family: 'Times New Roman', sans-serif;\"><span style=\"font-size: large;\"><img loading=\"lazy\" decoding=\"async\" class=\"alignnone size-medium wp-image-6428\" src=\"http:\/\/www.europagymnasium.at\/wp-content\/uploads\/2014\/12\/P1150177-300x225.jpg\" alt=\"P1150177\" width=\"300\" height=\"225\" \/> <\/span><\/span><\/p>\n<p align=\"justify\"><span style=\"font-family: 'Times New Roman', sans-serif;\"><span style=\"font-size: large;\"><img loading=\"lazy\" decoding=\"async\" class=\"alignnone size-medium wp-image-6429\" src=\"http:\/\/www.europagymnasium.at\/wp-content\/uploads\/2014\/12\/P1150182-300x225.jpg\" alt=\"P1150182\" width=\"300\" height=\"225\" \/> <\/span><\/span><\/p>\n<p align=\"justify\"><span style=\"font-family: 'Times New Roman', sans-serif;\"><span style=\"font-size: large;\"><img loading=\"lazy\" decoding=\"async\" class=\"alignnone size-medium wp-image-6430\" src=\"http:\/\/www.europagymnasium.at\/wp-content\/uploads\/2014\/12\/P1150186-300x225.jpg\" alt=\"P1150186\" width=\"300\" height=\"225\" \/> <img loading=\"lazy\" decoding=\"async\" class=\"alignnone size-medium wp-image-6431\" src=\"http:\/\/www.europagymnasium.at\/wp-content\/uploads\/2014\/12\/P1150191-225x300.jpg\" alt=\"P1150191\" width=\"225\" height=\"300\" \/> <img loading=\"lazy\" decoding=\"async\" class=\"alignnone size-medium wp-image-6432\" src=\"http:\/\/www.europagymnasium.at\/wp-content\/uploads\/2014\/12\/P1150195-225x300.jpg\" alt=\"P1150195\" width=\"225\" height=\"300\" \/> <img loading=\"lazy\" decoding=\"async\" class=\"alignnone size-medium wp-image-6433\" src=\"http:\/\/www.europagymnasium.at\/wp-content\/uploads\/2014\/12\/P1150201-225x300.jpg\" alt=\"P1150201\" width=\"225\" height=\"300\" \/> <img loading=\"lazy\" decoding=\"async\" class=\"alignnone size-medium wp-image-6434\" src=\"http:\/\/www.europagymnasium.at\/wp-content\/uploads\/2014\/12\/P1150215-225x300.jpg\" alt=\"P1150215\" width=\"225\" height=\"300\" \/> <\/span><\/span><\/p>\n<p align=\"justify\"><span style=\"font-family: 'Times New Roman', sans-serif;\"><span style=\"font-size: large;\"><img loading=\"lazy\" decoding=\"async\" class=\"alignnone size-medium wp-image-6435\" src=\"http:\/\/www.europagymnasium.at\/wp-content\/uploads\/2014\/12\/P1150217-300x225.jpg\" alt=\"P1150217\" width=\"300\" height=\"225\" \/> <\/span><\/span><\/p>\n<p align=\"justify\"><span style=\"font-family: 'Times New Roman', sans-serif;\"><span style=\"font-size: large;\"><img loading=\"lazy\" decoding=\"async\" class=\"alignnone size-medium wp-image-6436\" src=\"http:\/\/www.europagymnasium.at\/wp-content\/uploads\/2014\/12\/P1150225-300x225.jpg\" alt=\"P1150225\" width=\"300\" height=\"225\" \/> <\/span><\/span><\/p>\n<p align=\"justify\"><span style=\"font-family: 'Times New Roman', sans-serif;\"><span style=\"font-size: large;\"><img loading=\"lazy\" decoding=\"async\" class=\"alignnone size-medium wp-image-6437\" src=\"http:\/\/www.europagymnasium.at\/wp-content\/uploads\/2014\/12\/P1150226-300x225.jpg\" alt=\"P1150226\" width=\"300\" height=\"225\" \/> <\/span><\/span><\/p>\n<p align=\"justify\"><span style=\"font-family: 'Times New Roman', sans-serif;\"><span style=\"font-size: large;\"><img loading=\"lazy\" decoding=\"async\" class=\"alignnone size-medium wp-image-6438\" src=\"http:\/\/www.europagymnasium.at\/wp-content\/uploads\/2014\/12\/P1150238-300x225.jpg\" alt=\"P1150238\" width=\"300\" height=\"225\" \/> <img loading=\"lazy\" decoding=\"async\" class=\"alignnone size-medium wp-image-6439\" src=\"http:\/\/www.europagymnasium.at\/wp-content\/uploads\/2014\/12\/P1150245-300x225.jpg\" alt=\"P1150245\" width=\"300\" height=\"225\" \/> <\/span><\/span><\/p>\n","protected":false},"excerpt":{"rendered":"<p class=\"post-excerpt\">Im Rahmen des Workshops \u201eFit f\u00fcrs Leben\u201c, der die Sch\u00fclerInnen der 2D-Klasse (Ganztagsklasse) \u00fcber das Leben informieren und auf die&hellip;<\/p>\n<div class=\"link-more\"><a href=\"https:\/\/www.europagymnasium.at\/de\/2014\/12\/fit-fuers-leben-workshop-der-2d-klasse\/\">Continue reading<span class=\"screen-reader-text\"> \"\u201eFit f\u00fcrs Leben\u201c \u2013 Workshop der 2D-Klasse\"<\/span>&hellip;<\/a><\/div>","protected":false},"author":1,"featured_media":6440,"comment_status":"open","ping_status":"open","sticky":false,"template":"","format":"standard","meta":{"footnotes":""},"categories":[1],"tags":[],"class_list":["post-6424","post","type-post","status-publish","format-standard","has-post-thumbnail","hentry","category-allgemein"],"_links":{"self":[{"href":"https:\/\/www.europagymnasium.at\/de\/wp-json\/wp\/v2\/posts\/6424","targetHints":{"allow":["GET"]}}],"collection":[{"href":"https:\/\/www.europagymnasium.at\/de\/wp-json\/wp\/v2\/posts"}],"about":[{"href":"https:\/\/www.europagymnasium.at\/de\/wp-json\/wp\/v2\/types\/post"}],"author":[{"embeddable":true,"href":"https:\/\/www.europagymnasium.at\/de\/wp-json\/wp\/v2\/users\/1"}],"replies":[{"embeddable":true,"href":"https:\/\/www.europagymnasium.at\/de\/wp-json\/wp\/v2\/comments?post=6424"}],"version-history":[{"count":1,"href":"https:\/\/www.europagymnasium.at\/de\/wp-json\/wp\/v2\/posts\/6424\/revisions"}],"predecessor-version":[{"id":17745,"href":"https:\/\/www.europagymnasium.at\/de\/wp-json\/wp\/v2\/posts\/6424\/revisions\/17745"}],"wp:featuredmedia":[{"embeddable":true,"href":"https:\/\/www.europagymnasium.at\/de\/wp-json\/wp\/v2\/media\/6440"}],"wp:attachment":[{"href":"https:\/\/www.europagymnasium.at\/de\/wp-json\/wp\/v2\/media?parent=6424"}],"wp:term":[{"taxonomy":"category","embeddable":true,"href":"https:\/\/www.europagymnasium.at\/de\/wp-json\/wp\/v2\/categories?post=6424"},{"taxonomy":"post_tag","embeddable":true,"href":"https:\/\/www.europagymnasium.at\/de\/wp-json\/wp\/v2\/tags?post=6424"}],"curies":[{"name":"wp","href":"https:\/\/api.w.org\/{rel}","templated":true}]}}