{"id":2876,"date":"2013-05-21T21:51:11","date_gmt":"2013-05-21T20:51:11","guid":{"rendered":"http:\/\/www.europagymnasium.at\/\/?p=2876"},"modified":"2021-12-28T13:04:58","modified_gmt":"2021-12-28T12:04:58","slug":"una-excursion-a-la-cocina-de-los-profesores","status":"publish","type":"post","link":"https:\/\/www.europagymnasium.at\/de\/2013\/05\/una-excursion-a-la-cocina-de-los-profesores\/","title":{"rendered":"Una excursi\u00f3n a la cocina de los profesores"},"content":{"rendered":"<p align=\"JUSTIFY\"><span style=\"font-family: Arial, serif;\">Seit Wochen hatten sie es geplant und dann, eines Dienstagnachmittag setzten sie ihr Vorhaben in die Tat um. Die Rede ist von der Spanisch-Klasse, inklusive ihrer Professorin Fr. Meidl, die an besagtem Dienstag die K\u00fcche des Konferenzzimmers st\u00fcrmte und sich gleich ans Werk machte. Es wurden allerhand spanische \u201etapas\u201c, also Vorspeisen, serviert. Diese wurden von den Sch\u00fclern und der Frau Professor bereits teilweise zu Hause vorbereitet und dann schlie\u00dflich in der Schule komplettiert und elegant auf Tellern drapiert. Es gab \u201epatatas bravas\u201c, gebratene Kartoffel mit einer Salsa aus Petersilie, Knoblauch und Mayonnaise, \u201epan con tomate\u201c, gew\u00fcrfelte Tomaten vermengt mit Knoblauch und Oliven\u00f6l, gegessen mit \u201ebarra de pan\u201c, spanisches Wei\u00dfbrot. Weiters wurden vegetarische \u201etortillas de patatas\u201c aufgetischt, die wie der Name schon sagt aus \u201epatatas\u201c, Kartoffel, \u00fcberbacken mit verr\u00fchrten Eiern und Milch, bestehen. Auch gegeben hat es delikate spanische Spezialit\u00e4ten, wie \u201ejam\u00f3n serrano\u201c, ein beliebter Schinken, oder \u201equeso manchego\u201c, den ber\u00fcmten Schafsk\u00e4se aus der Region La Mancha. Nicht zu vergessen, \u201eGazpacho\u201c, die kalt servierte Tomatensuppe, eine weiteres bekanntes iberisches Gericht. Zum Schluss wurde dieser kleine Ausflug in die spanische K\u00fcche mit einem Glas \u201ezumo de naranja\u201c, besser bekannt als Orangensaft, abgerundet.<\/span><\/p>\n<p align=\"RIGHT\"><span style=\"font-family: Arial, serif;\"><i>Michael Hallegger (6A)<\/i><\/span><\/p>\n<p align=\"RIGHT\">\u00a0<\/p>\n<p style=\"text-align: left;\" align=\"RIGHT\">\u00a0<\/p>\n<p align=\"RIGHT\">\u00a0<\/p>\n","protected":false},"excerpt":{"rendered":"<p class=\"post-excerpt\">Seit Wochen hatten sie es geplant und dann, eines Dienstagnachmittag setzten sie ihr Vorhaben in die Tat um. Die Rede&hellip;<\/p>\n<div class=\"link-more\"><a href=\"https:\/\/www.europagymnasium.at\/de\/2013\/05\/una-excursion-a-la-cocina-de-los-profesores\/\">Continue reading<span class=\"screen-reader-text\"> \"Una excursi\u00f3n a la cocina de los profesores\"<\/span>&hellip;<\/a><\/div>","protected":false},"author":1,"featured_media":2878,"comment_status":"open","ping_status":"open","sticky":false,"template":"","format":"standard","meta":{"footnotes":""},"categories":[1],"tags":[],"class_list":["post-2876","post","type-post","status-publish","format-standard","has-post-thumbnail","hentry","category-allgemein"],"_links":{"self":[{"href":"https:\/\/www.europagymnasium.at\/de\/wp-json\/wp\/v2\/posts\/2876","targetHints":{"allow":["GET"]}}],"collection":[{"href":"https:\/\/www.europagymnasium.at\/de\/wp-json\/wp\/v2\/posts"}],"about":[{"href":"https:\/\/www.europagymnasium.at\/de\/wp-json\/wp\/v2\/types\/post"}],"author":[{"embeddable":true,"href":"https:\/\/www.europagymnasium.at\/de\/wp-json\/wp\/v2\/users\/1"}],"replies":[{"embeddable":true,"href":"https:\/\/www.europagymnasium.at\/de\/wp-json\/wp\/v2\/comments?post=2876"}],"version-history":[{"count":1,"href":"https:\/\/www.europagymnasium.at\/de\/wp-json\/wp\/v2\/posts\/2876\/revisions"}],"predecessor-version":[{"id":17485,"href":"https:\/\/www.europagymnasium.at\/de\/wp-json\/wp\/v2\/posts\/2876\/revisions\/17485"}],"wp:featuredmedia":[{"embeddable":true,"href":"https:\/\/www.europagymnasium.at\/de\/wp-json\/wp\/v2\/media\/2878"}],"wp:attachment":[{"href":"https:\/\/www.europagymnasium.at\/de\/wp-json\/wp\/v2\/media?parent=2876"}],"wp:term":[{"taxonomy":"category","embeddable":true,"href":"https:\/\/www.europagymnasium.at\/de\/wp-json\/wp\/v2\/categories?post=2876"},{"taxonomy":"post_tag","embeddable":true,"href":"https:\/\/www.europagymnasium.at\/de\/wp-json\/wp\/v2\/tags?post=2876"}],"curies":[{"name":"wp","href":"https:\/\/api.w.org\/{rel}","templated":true}]}}