{"id":26726,"date":"2025-11-04T09:28:11","date_gmt":"2025-11-04T08:28:11","guid":{"rendered":"https:\/\/www.europagymnasium.at\/?p=26726"},"modified":"2025-11-04T09:28:18","modified_gmt":"2025-11-04T08:28:18","slug":"dia-de-los-muertos-in-der-3de","status":"publish","type":"post","link":"https:\/\/www.europagymnasium.at\/de\/2025\/11\/dia-de-los-muertos-in-der-3de\/","title":{"rendered":"D\u00eda de los Muertos in der 3DE"},"content":{"rendered":"\n<p>Die Sch\u00fclerinnen und Sch\u00fcler der <strong>3DE<\/strong> haben sich im Spanisch-Unterricht mit dem <strong>mexikanischen Fest D\u00eda de los Muertos \u2013 dem Tag der Toten<\/strong> besch\u00e4ftigt.<br \/>Mit viel Freude und Kreativit\u00e4t haben sie <strong>bunte Papier-Totenkopfmasken<\/strong> gestaltet und aus <strong>Marzipan kleine \u201eCalaveritas de Az\u00facar\u201c<\/strong>, das typische mexikanische S\u00fc\u00dfgeb\u00e4ck f\u00fcr diesen besonderen Tag, <strong>gebastelt und dekoriert<\/strong>.<\/p>\n<p>So konnten die Jugendlichen nicht nur ihre <strong>k\u00fcnstlerischen F\u00e4higkeiten<\/strong> zeigen, sondern auch einen spannenden Einblick in eine <strong>wichtige Tradition der mexikanischen Kultur<\/strong> gewinnen. \ud83c\udfa8\ud83d\udc80<\/p>\n\n\n\n<figure class=\"wp-block-gallery has-nested-images columns-default is-cropped wp-block-gallery-1 is-layout-flex wp-block-gallery-is-layout-flex\">\n<figure class=\"wp-block-image size-large\"><img loading=\"lazy\" decoding=\"async\" width=\"1200\" height=\"900\" data-id=\"26720\" src=\"https:\/\/www.europagymnasium.at\/wp-content\/uploads\/2025\/11\/6593-1200x900.jpg\" alt=\"\" class=\"wp-image-26720\" srcset=\"https:\/\/www.europagymnasium.at\/wp-content\/uploads\/2025\/11\/6593-1200x900.jpg 1200w, https:\/\/www.europagymnasium.at\/wp-content\/uploads\/2025\/11\/6593-744x558.jpg 744w, https:\/\/www.europagymnasium.at\/wp-content\/uploads\/2025\/11\/6593-420x315.jpg 420w, https:\/\/www.europagymnasium.at\/wp-content\/uploads\/2025\/11\/6593-768x576.jpg 768w, https:\/\/www.europagymnasium.at\/wp-content\/uploads\/2025\/11\/6593-400x300.jpg 400w\" sizes=\"auto, (max-width: 1200px) 100vw, 1200px\" \/><\/figure>\n\n\n\n<figure class=\"wp-block-image size-large\"><img loading=\"lazy\" decoding=\"async\" width=\"2560\" height=\"1920\" data-id=\"26718\" src=\"https:\/\/www.europagymnasium.at\/wp-content\/uploads\/2025\/11\/6591-scaled.jpg\" alt=\"\" class=\"wp-image-26718\" srcset=\"https:\/\/www.europagymnasium.at\/wp-content\/uploads\/2025\/11\/6591-scaled.jpg 2560w, https:\/\/www.europagymnasium.at\/wp-content\/uploads\/2025\/11\/6591-744x558.jpg 744w\" sizes=\"auto, (max-width: 2560px) 100vw, 2560px\" \/><\/figure>\n\n\n\n<figure class=\"wp-block-image size-large\"><img loading=\"lazy\" decoding=\"async\" width=\"2560\" height=\"1920\" data-id=\"26716\" src=\"https:\/\/www.europagymnasium.at\/wp-content\/uploads\/2025\/11\/6590-scaled.jpg\" alt=\"\" class=\"wp-image-26716\" srcset=\"https:\/\/www.europagymnasium.at\/wp-content\/uploads\/2025\/11\/6590-scaled.jpg 2560w, https:\/\/www.europagymnasium.at\/wp-content\/uploads\/2025\/11\/6590-744x558.jpg 744w\" sizes=\"auto, (max-width: 2560px) 100vw, 2560px\" \/><\/figure>\n<\/figure>\n","protected":false},"excerpt":{"rendered":"<p class=\"post-excerpt\">Die Sch\u00fclerinnen und Sch\u00fcler der 3DE haben sich im Spanisch-Unterricht mit dem mexikanischen Fest D\u00eda de los Muertos \u2013 dem&hellip;<\/p>\n<div class=\"link-more\"><a href=\"https:\/\/www.europagymnasium.at\/de\/2025\/11\/dia-de-los-muertos-in-der-3de\/\">Continue reading<span class=\"screen-reader-text\"> \"D\u00eda de los Muertos in der 3DE\"<\/span>&hellip;<\/a><\/div>","protected":false},"author":14,"featured_media":26727,"comment_status":"closed","ping_status":"closed","sticky":false,"template":"","format":"standard","meta":{"footnotes":""},"categories":[5],"tags":[],"class_list":["post-26726","post","type-post","status-publish","format-standard","has-post-thumbnail","hentry","category-unkategorisiert"],"_links":{"self":[{"href":"https:\/\/www.europagymnasium.at\/de\/wp-json\/wp\/v2\/posts\/26726","targetHints":{"allow":["GET"]}}],"collection":[{"href":"https:\/\/www.europagymnasium.at\/de\/wp-json\/wp\/v2\/posts"}],"about":[{"href":"https:\/\/www.europagymnasium.at\/de\/wp-json\/wp\/v2\/types\/post"}],"author":[{"embeddable":true,"href":"https:\/\/www.europagymnasium.at\/de\/wp-json\/wp\/v2\/users\/14"}],"replies":[{"embeddable":true,"href":"https:\/\/www.europagymnasium.at\/de\/wp-json\/wp\/v2\/comments?post=26726"}],"version-history":[{"count":1,"href":"https:\/\/www.europagymnasium.at\/de\/wp-json\/wp\/v2\/posts\/26726\/revisions"}],"predecessor-version":[{"id":26729,"href":"https:\/\/www.europagymnasium.at\/de\/wp-json\/wp\/v2\/posts\/26726\/revisions\/26729"}],"wp:featuredmedia":[{"embeddable":true,"href":"https:\/\/www.europagymnasium.at\/de\/wp-json\/wp\/v2\/media\/26727"}],"wp:attachment":[{"href":"https:\/\/www.europagymnasium.at\/de\/wp-json\/wp\/v2\/media?parent=26726"}],"wp:term":[{"taxonomy":"category","embeddable":true,"href":"https:\/\/www.europagymnasium.at\/de\/wp-json\/wp\/v2\/categories?post=26726"},{"taxonomy":"post_tag","embeddable":true,"href":"https:\/\/www.europagymnasium.at\/de\/wp-json\/wp\/v2\/tags?post=26726"}],"curies":[{"name":"wp","href":"https:\/\/api.w.org\/{rel}","templated":true}]}}