{"id":26036,"date":"2025-06-10T22:09:11","date_gmt":"2025-06-10T20:09:11","guid":{"rendered":"https:\/\/www.europagymnasium.at\/?p=26036"},"modified":"2025-06-10T22:09:13","modified_gmt":"2025-06-10T20:09:13","slug":"unsere-reise-nach-strasbourg","status":"publish","type":"post","link":"https:\/\/www.europagymnasium.at\/de\/2025\/06\/unsere-reise-nach-strasbourg\/","title":{"rendered":"Unsere Reise nach Strasbourg"},"content":{"rendered":"\n<p>Wir, die 6C, verbrachten f\u00fcnf unvergessliche Tage in Strasbourg mit unseren Lehrerinnen Frau Prof. Lahmar und Frau Prof. Frauenberger.<\/p>\n<p>Zu Beginn hatten wir im Rahmen einer Stadtf\u00fchrung die Gelegenheit, viel Spannendes \u00fcber die historischen Hintergr\u00fcnde dieser faszinierenden Stadt zu erfahren. Am Abend genossen wir eine ruhige und angenehme Bootsfahrt auf der Ill, durch die wir Strasbourg aus einem anderen Blickwinkel kennenlernten.<\/p>\n<p>Am zweiten Tag unternahmen wir einen Ausflug nach Colmar, wo wir die Altstadt und das charmante Viertel \u201ePetite Venise\u201c besichtigten. Colmar beeindruckte uns mit seinen historischen Fachwerkh\u00e4usern und seiner zeitlosen Sch\u00f6nheit.<\/p>\n<p>Der vorletzte Tag war besonders lehrreich, da wir das Europ\u00e4ische Parlament, den Europarat sowie das Mus\u00e9e Alsacien besuchten. Wir erhielten interessante Einblicke in die europ\u00e4ische Politik und Kultur. Besonders beeindruckend war das Gespr\u00e4ch mit der \u00f6sterreichischen Botschafterin, Aloisia W\u00f6rgetter, die uns \u00fcber die Arbeit als Diplomatin und die Funktionsweise sowie Aufgabengebiete des Europarates informierte. Anschlie\u00dfend konnten wir einer Debatte im Europarat zum Thema Umweltkriminalit\u00e4t beiwohnen.<\/p>\n<p>Durch die gemeinsamen Abendessen in typisch els\u00e4ssischen Restaurants und die vielen Aktivit\u00e4ten, die wir zusammen unternahmen, hatten wir viel Spa\u00df und konnten gleichzeitig den Zusammenhalt innerhalb der Klassengemeinschaft st\u00e4rken.<\/p>\n<p>Dieser Aufenthalt in Strasbourg war f\u00fcr uns ein unvergessliches Erlebnis, welches wir stets positiv in Erinnerung behalten werden.<\/p>\n<p>Fatema Hossaini, 6C<\/p>\n\n\n\n\n\n<figure class=\"wp-block-gallery has-nested-images columns-default is-cropped wp-block-gallery-1 is-layout-flex wp-block-gallery-is-layout-flex\">\n<figure class=\"wp-block-image size-large\"><img loading=\"lazy\" decoding=\"async\" width=\"1200\" height=\"1600\" data-id=\"26073\" src=\"https:\/\/www.europagymnasium.at\/wp-content\/uploads\/2025\/06\/IMG_7492-1200x1600.jpg\" alt=\"\" class=\"wp-image-26073\" srcset=\"https:\/\/www.europagymnasium.at\/wp-content\/uploads\/2025\/06\/IMG_7492-1200x1600.jpg 1200w, https:\/\/www.europagymnasium.at\/wp-content\/uploads\/2025\/06\/IMG_7492-744x992.jpg 744w, https:\/\/www.europagymnasium.at\/wp-content\/uploads\/2025\/06\/IMG_7492-420x560.jpg 420w, https:\/\/www.europagymnasium.at\/wp-content\/uploads\/2025\/06\/IMG_7492-768x1024.jpg 768w, https:\/\/www.europagymnasium.at\/wp-content\/uploads\/2025\/06\/IMG_7492-225x300.jpg 225w, https:\/\/www.europagymnasium.at\/wp-content\/uploads\/2025\/06\/IMG_7492-1152x1536.jpg 1152w, https:\/\/www.europagymnasium.at\/wp-content\/uploads\/2025\/06\/IMG_7492-1536x2048.jpg 1536w, https:\/\/www.europagymnasium.at\/wp-content\/uploads\/2025\/06\/IMG_7492-scaled.jpg 1920w\" sizes=\"auto, (max-width: 1200px) 100vw, 1200px\" \/><\/figure>\n\n\n\n<figure class=\"wp-block-image size-large\"><img loading=\"lazy\" decoding=\"async\" width=\"1200\" height=\"900\" data-id=\"26061\" src=\"https:\/\/www.europagymnasium.at\/wp-content\/uploads\/2025\/06\/IMG_7447-1-1200x900.jpg\" alt=\"\" class=\"wp-image-26061\" srcset=\"https:\/\/www.europagymnasium.at\/wp-content\/uploads\/2025\/06\/IMG_7447-1-1200x900.jpg 1200w, https:\/\/www.europagymnasium.at\/wp-content\/uploads\/2025\/06\/IMG_7447-1-744x558.jpg 744w, https:\/\/www.europagymnasium.at\/wp-content\/uploads\/2025\/06\/IMG_7447-1-420x315.jpg 420w, https:\/\/www.europagymnasium.at\/wp-content\/uploads\/2025\/06\/IMG_7447-1-768x576.jpg 768w, https:\/\/www.europagymnasium.at\/wp-content\/uploads\/2025\/06\/IMG_7447-1-400x300.jpg 400w, https:\/\/www.europagymnasium.at\/wp-content\/uploads\/2025\/06\/IMG_7447-1-1536x1152.jpg 1536w, https:\/\/www.europagymnasium.at\/wp-content\/uploads\/2025\/06\/IMG_7447-1-2048x1536.jpg 2048w\" sizes=\"auto, (max-width: 1200px) 100vw, 1200px\" \/><\/figure>\n\n\n\n<figure class=\"wp-block-image size-large\"><img loading=\"lazy\" decoding=\"async\" width=\"1200\" height=\"900\" data-id=\"26085\" src=\"https:\/\/www.europagymnasium.at\/wp-content\/uploads\/2025\/06\/IMG_7404-1-1200x900.jpg\" alt=\"\" class=\"wp-image-26085\" srcset=\"https:\/\/www.europagymnasium.at\/wp-content\/uploads\/2025\/06\/IMG_7404-1-1200x900.jpg 1200w, https:\/\/www.europagymnasium.at\/wp-content\/uploads\/2025\/06\/IMG_7404-1-744x558.jpg 744w, https:\/\/www.europagymnasium.at\/wp-content\/uploads\/2025\/06\/IMG_7404-1-420x315.jpg 420w, https:\/\/www.europagymnasium.at\/wp-content\/uploads\/2025\/06\/IMG_7404-1-768x576.jpg 768w, https:\/\/www.europagymnasium.at\/wp-content\/uploads\/2025\/06\/IMG_7404-1-400x300.jpg 400w, https:\/\/www.europagymnasium.at\/wp-content\/uploads\/2025\/06\/IMG_7404-1-1536x1152.jpg 1536w, https:\/\/www.europagymnasium.at\/wp-content\/uploads\/2025\/06\/IMG_7404-1-2048x1536.jpg 2048w\" sizes=\"auto, (max-width: 1200px) 100vw, 1200px\" \/><\/figure>\n\n\n\n<figure class=\"wp-block-image size-large\"><img loading=\"lazy\" decoding=\"async\" width=\"1200\" height=\"900\" data-id=\"26083\" src=\"https:\/\/www.europagymnasium.at\/wp-content\/uploads\/2025\/06\/IMG_7422-1200x900.jpg\" alt=\"\" class=\"wp-image-26083\" srcset=\"https:\/\/www.europagymnasium.at\/wp-content\/uploads\/2025\/06\/IMG_7422-1200x900.jpg 1200w, https:\/\/www.europagymnasium.at\/wp-content\/uploads\/2025\/06\/IMG_7422-744x558.jpg 744w, https:\/\/www.europagymnasium.at\/wp-content\/uploads\/2025\/06\/IMG_7422-420x315.jpg 420w, https:\/\/www.europagymnasium.at\/wp-content\/uploads\/2025\/06\/IMG_7422-768x576.jpg 768w, https:\/\/www.europagymnasium.at\/wp-content\/uploads\/2025\/06\/IMG_7422-400x300.jpg 400w, https:\/\/www.europagymnasium.at\/wp-content\/uploads\/2025\/06\/IMG_7422-1536x1152.jpg 1536w, https:\/\/www.europagymnasium.at\/wp-content\/uploads\/2025\/06\/IMG_7422-2048x1536.jpg 2048w\" sizes=\"auto, (max-width: 1200px) 100vw, 1200px\" \/><\/figure>\n\n\n\n<figure class=\"wp-block-image size-large\"><img loading=\"lazy\" decoding=\"async\" width=\"1200\" height=\"900\" data-id=\"26071\" src=\"https:\/\/www.europagymnasium.at\/wp-content\/uploads\/2025\/06\/IMG_7483-1200x900.jpg\" alt=\"\" class=\"wp-image-26071\" srcset=\"https:\/\/www.europagymnasium.at\/wp-content\/uploads\/2025\/06\/IMG_7483-1200x900.jpg 1200w, https:\/\/www.europagymnasium.at\/wp-content\/uploads\/2025\/06\/IMG_7483-744x558.jpg 744w, https:\/\/www.europagymnasium.at\/wp-content\/uploads\/2025\/06\/IMG_7483-420x315.jpg 420w, https:\/\/www.europagymnasium.at\/wp-content\/uploads\/2025\/06\/IMG_7483-768x576.jpg 768w, https:\/\/www.europagymnasium.at\/wp-content\/uploads\/2025\/06\/IMG_7483-400x300.jpg 400w, https:\/\/www.europagymnasium.at\/wp-content\/uploads\/2025\/06\/IMG_7483-1536x1152.jpg 1536w, https:\/\/www.europagymnasium.at\/wp-content\/uploads\/2025\/06\/IMG_7483-2048x1536.jpg 2048w\" sizes=\"auto, (max-width: 1200px) 100vw, 1200px\" \/><\/figure>\n\n\n\n<figure class=\"wp-block-image size-large\"><img loading=\"lazy\" decoding=\"async\" width=\"1200\" height=\"900\" data-id=\"26069\" src=\"https:\/\/www.europagymnasium.at\/wp-content\/uploads\/2025\/06\/IMG_7485-1200x900.jpg\" alt=\"\" class=\"wp-image-26069\" srcset=\"https:\/\/www.europagymnasium.at\/wp-content\/uploads\/2025\/06\/IMG_7485-1200x900.jpg 1200w, https:\/\/www.europagymnasium.at\/wp-content\/uploads\/2025\/06\/IMG_7485-744x558.jpg 744w, https:\/\/www.europagymnasium.at\/wp-content\/uploads\/2025\/06\/IMG_7485-420x315.jpg 420w, https:\/\/www.europagymnasium.at\/wp-content\/uploads\/2025\/06\/IMG_7485-768x576.jpg 768w, https:\/\/www.europagymnasium.at\/wp-content\/uploads\/2025\/06\/IMG_7485-400x300.jpg 400w, https:\/\/www.europagymnasium.at\/wp-content\/uploads\/2025\/06\/IMG_7485-1536x1152.jpg 1536w, https:\/\/www.europagymnasium.at\/wp-content\/uploads\/2025\/06\/IMG_7485-2048x1536.jpg 2048w\" sizes=\"auto, (max-width: 1200px) 100vw, 1200px\" \/><\/figure>\n\n\n\n<figure class=\"wp-block-image size-large\"><img loading=\"lazy\" decoding=\"async\" width=\"1200\" height=\"1600\" data-id=\"26077\" src=\"https:\/\/www.europagymnasium.at\/wp-content\/uploads\/2025\/06\/IMG_7452-1200x1600.jpg\" alt=\"\" class=\"wp-image-26077\" srcset=\"https:\/\/www.europagymnasium.at\/wp-content\/uploads\/2025\/06\/IMG_7452-1200x1600.jpg 1200w, https:\/\/www.europagymnasium.at\/wp-content\/uploads\/2025\/06\/IMG_7452-744x992.jpg 744w, https:\/\/www.europagymnasium.at\/wp-content\/uploads\/2025\/06\/IMG_7452-420x560.jpg 420w, https:\/\/www.europagymnasium.at\/wp-content\/uploads\/2025\/06\/IMG_7452-768x1024.jpg 768w, https:\/\/www.europagymnasium.at\/wp-content\/uploads\/2025\/06\/IMG_7452-225x300.jpg 225w, https:\/\/www.europagymnasium.at\/wp-content\/uploads\/2025\/06\/IMG_7452-1152x1536.jpg 1152w, https:\/\/www.europagymnasium.at\/wp-content\/uploads\/2025\/06\/IMG_7452-1536x2048.jpg 1536w, https:\/\/www.europagymnasium.at\/wp-content\/uploads\/2025\/06\/IMG_7452-scaled.jpg 1920w\" sizes=\"auto, (max-width: 1200px) 100vw, 1200px\" \/><\/figure>\n\n\n\n<figure class=\"wp-block-image size-large\"><img loading=\"lazy\" decoding=\"async\" width=\"1200\" height=\"900\" data-id=\"26075\" src=\"https:\/\/www.europagymnasium.at\/wp-content\/uploads\/2025\/06\/IMG_7479-1200x900.jpg\" alt=\"\" class=\"wp-image-26075\" srcset=\"https:\/\/www.europagymnasium.at\/wp-content\/uploads\/2025\/06\/IMG_7479-1200x900.jpg 1200w, https:\/\/www.europagymnasium.at\/wp-content\/uploads\/2025\/06\/IMG_7479-744x558.jpg 744w, https:\/\/www.europagymnasium.at\/wp-content\/uploads\/2025\/06\/IMG_7479-420x315.jpg 420w, https:\/\/www.europagymnasium.at\/wp-content\/uploads\/2025\/06\/IMG_7479-768x576.jpg 768w, https:\/\/www.europagymnasium.at\/wp-content\/uploads\/2025\/06\/IMG_7479-400x300.jpg 400w, https:\/\/www.europagymnasium.at\/wp-content\/uploads\/2025\/06\/IMG_7479-1536x1152.jpg 1536w, https:\/\/www.europagymnasium.at\/wp-content\/uploads\/2025\/06\/IMG_7479-2048x1536.jpg 2048w\" sizes=\"auto, (max-width: 1200px) 100vw, 1200px\" \/><\/figure>\n\n\n\n<figure class=\"wp-block-image size-large\"><img loading=\"lazy\" decoding=\"async\" width=\"1200\" height=\"900\" data-id=\"26081\" src=\"https:\/\/www.europagymnasium.at\/wp-content\/uploads\/2025\/06\/IMG_7444-1-1200x900.jpg\" alt=\"\" class=\"wp-image-26081\" srcset=\"https:\/\/www.europagymnasium.at\/wp-content\/uploads\/2025\/06\/IMG_7444-1-1200x900.jpg 1200w, https:\/\/www.europagymnasium.at\/wp-content\/uploads\/2025\/06\/IMG_7444-1-744x558.jpg 744w, https:\/\/www.europagymnasium.at\/wp-content\/uploads\/2025\/06\/IMG_7444-1-420x315.jpg 420w, https:\/\/www.europagymnasium.at\/wp-content\/uploads\/2025\/06\/IMG_7444-1-768x576.jpg 768w, https:\/\/www.europagymnasium.at\/wp-content\/uploads\/2025\/06\/IMG_7444-1-400x300.jpg 400w, https:\/\/www.europagymnasium.at\/wp-content\/uploads\/2025\/06\/IMG_7444-1-1536x1152.jpg 1536w, https:\/\/www.europagymnasium.at\/wp-content\/uploads\/2025\/06\/IMG_7444-1-2048x1536.jpg 2048w\" sizes=\"auto, (max-width: 1200px) 100vw, 1200px\" \/><\/figure>\n<\/figure>\n","protected":false},"excerpt":{"rendered":"<p class=\"post-excerpt\">Wir, die 6C, verbrachten f\u00fcnf unvergessliche Tage in Strasbourg mit unseren Lehrerinnen Frau Prof. Lahmar und Frau Prof. Frauenberger. Zu&hellip;<\/p>\n<div class=\"link-more\"><a href=\"https:\/\/www.europagymnasium.at\/de\/2025\/06\/unsere-reise-nach-strasbourg\/\">Continue reading<span class=\"screen-reader-text\"> \"Unsere Reise nach Strasbourg\"<\/span>&hellip;<\/a><\/div>","protected":false},"author":14,"featured_media":26079,"comment_status":"closed","ping_status":"closed","sticky":false,"template":"","format":"standard","meta":{"footnotes":""},"categories":[5],"tags":[],"class_list":["post-26036","post","type-post","status-publish","format-standard","has-post-thumbnail","hentry","category-unkategorisiert"],"_links":{"self":[{"href":"https:\/\/www.europagymnasium.at\/de\/wp-json\/wp\/v2\/posts\/26036","targetHints":{"allow":["GET"]}}],"collection":[{"href":"https:\/\/www.europagymnasium.at\/de\/wp-json\/wp\/v2\/posts"}],"about":[{"href":"https:\/\/www.europagymnasium.at\/de\/wp-json\/wp\/v2\/types\/post"}],"author":[{"embeddable":true,"href":"https:\/\/www.europagymnasium.at\/de\/wp-json\/wp\/v2\/users\/14"}],"replies":[{"embeddable":true,"href":"https:\/\/www.europagymnasium.at\/de\/wp-json\/wp\/v2\/comments?post=26036"}],"version-history":[{"count":1,"href":"https:\/\/www.europagymnasium.at\/de\/wp-json\/wp\/v2\/posts\/26036\/revisions"}],"predecessor-version":[{"id":26087,"href":"https:\/\/www.europagymnasium.at\/de\/wp-json\/wp\/v2\/posts\/26036\/revisions\/26087"}],"wp:featuredmedia":[{"embeddable":true,"href":"https:\/\/www.europagymnasium.at\/de\/wp-json\/wp\/v2\/media\/26079"}],"wp:attachment":[{"href":"https:\/\/www.europagymnasium.at\/de\/wp-json\/wp\/v2\/media?parent=26036"}],"wp:term":[{"taxonomy":"category","embeddable":true,"href":"https:\/\/www.europagymnasium.at\/de\/wp-json\/wp\/v2\/categories?post=26036"},{"taxonomy":"post_tag","embeddable":true,"href":"https:\/\/www.europagymnasium.at\/de\/wp-json\/wp\/v2\/tags?post=26036"}],"curies":[{"name":"wp","href":"https:\/\/api.w.org\/{rel}","templated":true}]}}