{"id":23823,"date":"2023-10-02T10:13:15","date_gmt":"2023-10-02T08:13:15","guid":{"rendered":"https:\/\/www.europagymnasium.at\/?p=23823"},"modified":"2023-10-02T10:13:17","modified_gmt":"2023-10-02T08:13:17","slug":"kennenlerntag-der-1b","status":"publish","type":"post","link":"https:\/\/www.europagymnasium.at\/de\/2023\/10\/kennenlerntag-der-1b\/","title":{"rendered":"Kennenlerntag der 1B"},"content":{"rendered":"\n<p>Am Montag, dem 25. September 2023 spazierten die Sch\u00fclerInnen der 1B aufs Kreuzbergl, wo sie gemeinsam den Vormittag verbrachten. Bei diversen Teambuilding-Aktivit\u00e4ten lernten sich die Kinder n\u00e4her kennen, durften gemeinsam spielen und mutig sein.<\/p>\n<p>Begleitet wurde die Klasse von den Klassenpatinnen Jana Krassnig und Elam Ismaeil aus der 6A, sowie von ihrem Klassenvorstand Mag. Birgit Dielacher und Klassenvorstand-Stv. Mag. Anna Torta.<\/p>\n<p><img loading=\"lazy\" decoding=\"async\" class=\"alignnone  wp-image-23824\" src=\"https:\/\/www.europagymnasium.at\/wp-content\/uploads\/2023\/10\/Kennenlerntag-2-744x992.jpg\" alt=\"\" width=\"347\" height=\"463\" srcset=\"https:\/\/www.europagymnasium.at\/wp-content\/uploads\/2023\/10\/Kennenlerntag-2-744x992.jpg 744w, https:\/\/www.europagymnasium.at\/wp-content\/uploads\/2023\/10\/Kennenlerntag-2-1200x1600.jpg 1200w, https:\/\/www.europagymnasium.at\/wp-content\/uploads\/2023\/10\/Kennenlerntag-2-420x560.jpg 420w, https:\/\/www.europagymnasium.at\/wp-content\/uploads\/2023\/10\/Kennenlerntag-2-768x1024.jpg 768w, https:\/\/www.europagymnasium.at\/wp-content\/uploads\/2023\/10\/Kennenlerntag-2-225x300.jpg 225w, https:\/\/www.europagymnasium.at\/wp-content\/uploads\/2023\/10\/Kennenlerntag-2-1152x1536.jpg 1152w, https:\/\/www.europagymnasium.at\/wp-content\/uploads\/2023\/10\/Kennenlerntag-2-1536x2048.jpg 1536w, https:\/\/www.europagymnasium.at\/wp-content\/uploads\/2023\/10\/Kennenlerntag-2-scaled.jpg 1920w\" sizes=\"auto, (max-width: 347px) 100vw, 347px\" \/> <img loading=\"lazy\" decoding=\"async\" class=\"alignnone  wp-image-23826\" src=\"https:\/\/www.europagymnasium.at\/wp-content\/uploads\/2023\/10\/Kennenlerntag-1-744x992.jpg\" alt=\"\" width=\"347\" height=\"463\" srcset=\"https:\/\/www.europagymnasium.at\/wp-content\/uploads\/2023\/10\/Kennenlerntag-1-744x992.jpg 744w, https:\/\/www.europagymnasium.at\/wp-content\/uploads\/2023\/10\/Kennenlerntag-1-1200x1600.jpg 1200w, https:\/\/www.europagymnasium.at\/wp-content\/uploads\/2023\/10\/Kennenlerntag-1-420x560.jpg 420w, https:\/\/www.europagymnasium.at\/wp-content\/uploads\/2023\/10\/Kennenlerntag-1-768x1024.jpg 768w, https:\/\/www.europagymnasium.at\/wp-content\/uploads\/2023\/10\/Kennenlerntag-1-225x300.jpg 225w, https:\/\/www.europagymnasium.at\/wp-content\/uploads\/2023\/10\/Kennenlerntag-1-1152x1536.jpg 1152w, https:\/\/www.europagymnasium.at\/wp-content\/uploads\/2023\/10\/Kennenlerntag-1-1536x2048.jpg 1536w, https:\/\/www.europagymnasium.at\/wp-content\/uploads\/2023\/10\/Kennenlerntag-1-scaled.jpg 1920w\" sizes=\"auto, (max-width: 347px) 100vw, 347px\" \/> \u00a0<img loading=\"lazy\" decoding=\"async\" class=\"alignnone  wp-image-23830\" src=\"https:\/\/www.europagymnasium.at\/wp-content\/uploads\/2023\/10\/Kennenlerntag-3-744x558.jpg\" alt=\"\" width=\"699\" height=\"524\" srcset=\"https:\/\/www.europagymnasium.at\/wp-content\/uploads\/2023\/10\/Kennenlerntag-3-744x558.jpg 744w, https:\/\/www.europagymnasium.at\/wp-content\/uploads\/2023\/10\/Kennenlerntag-3-1200x900.jpg 1200w, https:\/\/www.europagymnasium.at\/wp-content\/uploads\/2023\/10\/Kennenlerntag-3-420x315.jpg 420w, https:\/\/www.europagymnasium.at\/wp-content\/uploads\/2023\/10\/Kennenlerntag-3-768x576.jpg 768w, https:\/\/www.europagymnasium.at\/wp-content\/uploads\/2023\/10\/Kennenlerntag-3-400x300.jpg 400w, https:\/\/www.europagymnasium.at\/wp-content\/uploads\/2023\/10\/Kennenlerntag-3-1536x1152.jpg 1536w, https:\/\/www.europagymnasium.at\/wp-content\/uploads\/2023\/10\/Kennenlerntag-3.jpg 2000w\" sizes=\"auto, (max-width: 699px) 100vw, 699px\" \/><\/p>\n<p>\u00a0<\/p>\n","protected":false},"excerpt":{"rendered":"<p class=\"post-excerpt\">Am Montag, dem 25. September 2023 spazierten die Sch\u00fclerInnen der 1B aufs Kreuzbergl, wo sie gemeinsam den Vormittag verbrachten. Bei&hellip;<\/p>\n<div class=\"link-more\"><a href=\"https:\/\/www.europagymnasium.at\/de\/2023\/10\/kennenlerntag-der-1b\/\">Continue reading<span class=\"screen-reader-text\"> \"Kennenlerntag der 1B\"<\/span>&hellip;<\/a><\/div>","protected":false},"author":14,"featured_media":23833,"comment_status":"closed","ping_status":"closed","sticky":false,"template":"","format":"standard","meta":{"footnotes":""},"categories":[5],"tags":[],"class_list":["post-23823","post","type-post","status-publish","format-standard","has-post-thumbnail","hentry","category-unkategorisiert"],"_links":{"self":[{"href":"https:\/\/www.europagymnasium.at\/de\/wp-json\/wp\/v2\/posts\/23823","targetHints":{"allow":["GET"]}}],"collection":[{"href":"https:\/\/www.europagymnasium.at\/de\/wp-json\/wp\/v2\/posts"}],"about":[{"href":"https:\/\/www.europagymnasium.at\/de\/wp-json\/wp\/v2\/types\/post"}],"author":[{"embeddable":true,"href":"https:\/\/www.europagymnasium.at\/de\/wp-json\/wp\/v2\/users\/14"}],"replies":[{"embeddable":true,"href":"https:\/\/www.europagymnasium.at\/de\/wp-json\/wp\/v2\/comments?post=23823"}],"version-history":[{"count":3,"href":"https:\/\/www.europagymnasium.at\/de\/wp-json\/wp\/v2\/posts\/23823\/revisions"}],"predecessor-version":[{"id":23836,"href":"https:\/\/www.europagymnasium.at\/de\/wp-json\/wp\/v2\/posts\/23823\/revisions\/23836"}],"wp:featuredmedia":[{"embeddable":true,"href":"https:\/\/www.europagymnasium.at\/de\/wp-json\/wp\/v2\/media\/23833"}],"wp:attachment":[{"href":"https:\/\/www.europagymnasium.at\/de\/wp-json\/wp\/v2\/media?parent=23823"}],"wp:term":[{"taxonomy":"category","embeddable":true,"href":"https:\/\/www.europagymnasium.at\/de\/wp-json\/wp\/v2\/categories?post=23823"},{"taxonomy":"post_tag","embeddable":true,"href":"https:\/\/www.europagymnasium.at\/de\/wp-json\/wp\/v2\/tags?post=23823"}],"curies":[{"name":"wp","href":"https:\/\/api.w.org\/{rel}","templated":true}]}}