{"id":23397,"date":"2023-05-24T16:39:46","date_gmt":"2023-05-24T14:39:46","guid":{"rendered":"http:\/\/www.europagymnasium.at\/?p=23397"},"modified":"2023-05-24T17:02:26","modified_gmt":"2023-05-24T15:02:26","slug":"stadtsafari-klagenfurt","status":"publish","type":"post","link":"https:\/\/www.europagymnasium.at\/de\/2023\/05\/stadtsafari-klagenfurt\/","title":{"rendered":"Stadtsafari Klagenfurt"},"content":{"rendered":"\n<p>Am 23.05.2023 entdeckte die 4B Klasse die Stadt Klagenfurt aus neuen Blickwinkeln. Im Rahmen des Projekts \u201eStadtsafari \u2013 Ich entdecke meine Stadt\u201c der Berufs- und Bildungsorientierung K\u00e4rnten, begleiteten die Sch\u00fclerinnen und Sch\u00fcler vier Berufsvertreter, die ma\u00dfgeblich an der r\u00e4umlichen Gestaltung der Stadt teilhaben. Hierbei wurden vier Berufsfelder abgedeckt: Architektur, Vermessung, Denkmalpflege und Landschaftsg\u00e4rtnerei.<\/p>\n<p>Am Ende des Tages pr\u00e4sentierten die Kinder, was sie \u00fcber den jeweiligen Beruf und die Gestaltung der Landeshauptstadt gelernt haben.<\/p>\n<p>Ein gelungener Lehrausgang!<\/p>\n<p>&nbsp;<\/p>\n\n\n<div class=\"wp-block-image\">\n<figure class=\"aligncenter size-large is-resized\"><img loading=\"lazy\" decoding=\"async\" src=\"http:\/\/www.europagymnasium.at\/wp-content\/uploads\/2023\/05\/20230523_085018-1200x900.jpg\" alt=\"\" class=\"wp-image-23400\" width=\"600\" height=\"450\" srcset=\"https:\/\/www.europagymnasium.at\/wp-content\/uploads\/2023\/05\/20230523_085018-1200x900.jpg 1200w, https:\/\/www.europagymnasium.at\/wp-content\/uploads\/2023\/05\/20230523_085018-744x558.jpg 744w, https:\/\/www.europagymnasium.at\/wp-content\/uploads\/2023\/05\/20230523_085018-420x315.jpg 420w, https:\/\/www.europagymnasium.at\/wp-content\/uploads\/2023\/05\/20230523_085018-768x576.jpg 768w, https:\/\/www.europagymnasium.at\/wp-content\/uploads\/2023\/05\/20230523_085018-400x300.jpg 400w, https:\/\/www.europagymnasium.at\/wp-content\/uploads\/2023\/05\/20230523_085018-1536x1152.jpg 1536w, https:\/\/www.europagymnasium.at\/wp-content\/uploads\/2023\/05\/20230523_085018-2048x1536.jpg 2048w\" sizes=\"auto, (max-width: 600px) 100vw, 600px\" \/><figcaption class=\"wp-element-caption\">Kunstgeschichte und Denkmalpflege beim Stadttheater<\/figcaption><\/figure>\n<\/div>\n\n\n<div class=\"wp-block-columns is-layout-flex wp-container-core-columns-is-layout-9d6595d7 wp-block-columns-is-layout-flex\">\n<div class=\"wp-block-column is-layout-flow wp-block-column-is-layout-flow\" style=\"flex-basis:100%\"><div class=\"wp-block-image\">\n<figure class=\"aligncenter size-full is-resized\"><img loading=\"lazy\" decoding=\"async\" src=\"http:\/\/www.europagymnasium.at\/wp-content\/uploads\/2023\/05\/image3.webp\" alt=\"\" class=\"wp-image-23402\" width=\"337\" height=\"450\" srcset=\"https:\/\/www.europagymnasium.at\/wp-content\/uploads\/2023\/05\/image3.webp 674w, https:\/\/www.europagymnasium.at\/wp-content\/uploads\/2023\/05\/image3-420x560.webp 420w, https:\/\/www.europagymnasium.at\/wp-content\/uploads\/2023\/05\/image3-225x300.webp 225w\" sizes=\"auto, (max-width: 337px) 100vw, 337px\" \/><figcaption class=\"wp-element-caption\">Vermessen mit dem Nivellierger\u00e4t<\/figcaption><\/figure>\n<\/div><\/div>\n<\/div>\n\n\n\n<div class=\"wp-block-group\"><div class=\"wp-block-group__inner-container is-layout-constrained wp-block-group-is-layout-constrained\"><div class=\"wp-block-image\">\n<figure class=\"aligncenter size-full is-resized\"><img loading=\"lazy\" decoding=\"async\" src=\"http:\/\/www.europagymnasium.at\/wp-content\/uploads\/2023\/05\/image2.webp\" alt=\"\" class=\"wp-image-23404\" width=\"599\" height=\"450\" srcset=\"https:\/\/www.europagymnasium.at\/wp-content\/uploads\/2023\/05\/image2.webp 1198w, https:\/\/www.europagymnasium.at\/wp-content\/uploads\/2023\/05\/image2-744x558.webp 744w, https:\/\/www.europagymnasium.at\/wp-content\/uploads\/2023\/05\/image2-420x315.webp 420w, https:\/\/www.europagymnasium.at\/wp-content\/uploads\/2023\/05\/image2-768x576.webp 768w, https:\/\/www.europagymnasium.at\/wp-content\/uploads\/2023\/05\/image2-400x300.webp 400w\" sizes=\"auto, (max-width: 599px) 100vw, 599px\" \/><figcaption class=\"wp-element-caption\">Graffiti in Klagenfurt<\/figcaption><\/figure>\n<\/div><\/div><\/div>\n\n\n\n\n<div class=\"wp-block-image\">\n<figure class=\"aligncenter size-full is-resized\"><img loading=\"lazy\" decoding=\"async\" src=\"http:\/\/www.europagymnasium.at\/wp-content\/uploads\/2023\/05\/image.webp\" alt=\"\" class=\"wp-image-23406\" width=\"337\" height=\"450\" srcset=\"https:\/\/www.europagymnasium.at\/wp-content\/uploads\/2023\/05\/image.webp 674w, https:\/\/www.europagymnasium.at\/wp-content\/uploads\/2023\/05\/image-420x560.webp 420w, https:\/\/www.europagymnasium.at\/wp-content\/uploads\/2023\/05\/image-225x300.webp 225w\" sizes=\"auto, (max-width: 337px) 100vw, 337px\" \/><figcaption class=\"wp-element-caption\">Wundverschluss<\/figcaption><\/figure>\n<\/div>\n\n<div class=\"wp-block-image\">\n<figure class=\"aligncenter size-full is-resized\"><img loading=\"lazy\" decoding=\"async\" src=\"http:\/\/www.europagymnasium.at\/wp-content\/uploads\/2023\/05\/image5.webp\" alt=\"\" class=\"wp-image-23408\" width=\"599\" height=\"450\" srcset=\"https:\/\/www.europagymnasium.at\/wp-content\/uploads\/2023\/05\/image5.webp 1198w, https:\/\/www.europagymnasium.at\/wp-content\/uploads\/2023\/05\/image5-744x558.webp 744w, https:\/\/www.europagymnasium.at\/wp-content\/uploads\/2023\/05\/image5-420x315.webp 420w, https:\/\/www.europagymnasium.at\/wp-content\/uploads\/2023\/05\/image5-768x576.webp 768w, https:\/\/www.europagymnasium.at\/wp-content\/uploads\/2023\/05\/image5-400x300.webp 400w\" sizes=\"auto, (max-width: 599px) 100vw, 599px\" \/><figcaption class=\"wp-element-caption\">Diskutieren, dann pr\u00e4sentieren<\/figcaption><\/figure>\n<\/div>","protected":false},"excerpt":{"rendered":"<p class=\"post-excerpt\">Am 23.05.2023 entdeckte die 4B Klasse die Stadt Klagenfurt aus neuen Blickwinkeln. Im Rahmen des Projekts \u201eStadtsafari \u2013 Ich entdecke&hellip;<\/p>\n<div class=\"link-more\"><a href=\"https:\/\/www.europagymnasium.at\/de\/2023\/05\/stadtsafari-klagenfurt\/\">Continue reading<span class=\"screen-reader-text\"> \"Stadtsafari Klagenfurt\"<\/span>&hellip;<\/a><\/div>","protected":false},"author":11,"featured_media":23415,"comment_status":"closed","ping_status":"closed","sticky":false,"template":"","format":"standard","meta":{"footnotes":""},"categories":[3,4],"tags":[],"class_list":["post-23397","post","type-post","status-publish","format-standard","has-post-thumbnail","hentry","category-exkursionen","category-projekte"],"_links":{"self":[{"href":"https:\/\/www.europagymnasium.at\/de\/wp-json\/wp\/v2\/posts\/23397","targetHints":{"allow":["GET"]}}],"collection":[{"href":"https:\/\/www.europagymnasium.at\/de\/wp-json\/wp\/v2\/posts"}],"about":[{"href":"https:\/\/www.europagymnasium.at\/de\/wp-json\/wp\/v2\/types\/post"}],"author":[{"embeddable":true,"href":"https:\/\/www.europagymnasium.at\/de\/wp-json\/wp\/v2\/users\/11"}],"replies":[{"embeddable":true,"href":"https:\/\/www.europagymnasium.at\/de\/wp-json\/wp\/v2\/comments?post=23397"}],"version-history":[{"count":3,"href":"https:\/\/www.europagymnasium.at\/de\/wp-json\/wp\/v2\/posts\/23397\/revisions"}],"predecessor-version":[{"id":23420,"href":"https:\/\/www.europagymnasium.at\/de\/wp-json\/wp\/v2\/posts\/23397\/revisions\/23420"}],"wp:featuredmedia":[{"embeddable":true,"href":"https:\/\/www.europagymnasium.at\/de\/wp-json\/wp\/v2\/media\/23415"}],"wp:attachment":[{"href":"https:\/\/www.europagymnasium.at\/de\/wp-json\/wp\/v2\/media?parent=23397"}],"wp:term":[{"taxonomy":"category","embeddable":true,"href":"https:\/\/www.europagymnasium.at\/de\/wp-json\/wp\/v2\/categories?post=23397"},{"taxonomy":"post_tag","embeddable":true,"href":"https:\/\/www.europagymnasium.at\/de\/wp-json\/wp\/v2\/tags?post=23397"}],"curies":[{"name":"wp","href":"https:\/\/api.w.org\/{rel}","templated":true}]}}