{"id":21581,"date":"2022-03-10T11:51:31","date_gmt":"2022-03-10T10:51:31","guid":{"rendered":"http:\/\/www.europagymnasium.at\/?p=21581"},"modified":"2022-03-10T11:51:32","modified_gmt":"2022-03-10T10:51:32","slug":"unterrichtsbezogene-foerderangebote-im-bereich-der-allgemeinbildenden-hoeheren-schulen-im-schuljahr-2021-22","status":"publish","type":"post","link":"https:\/\/www.europagymnasium.at\/de\/2022\/03\/unterrichtsbezogene-foerderangebote-im-bereich-der-allgemeinbildenden-hoeheren-schulen-im-schuljahr-2021-22\/","title":{"rendered":"Unterrichtsbezogene F\u00f6rderangebote im Bereich der allgemein<br>bildenden h\u00f6heren Schulen im Schuljahr 2021\/22"},"content":{"rendered":"\n<p>&nbsp;<\/p>\n<p>S-6.1a COVID-19 &#8211; Unterrichtsbezogene F\u00f6rderangebote im Bereich der allgemein<br>bildenden h\u00f6heren Schulen im Schuljahr 2021\/22<\/p>\n<p><br><strong>Allgemeine Projektbeschreibung:<\/strong><br>Sch\u00fclerinnen und Sch\u00fcler der 9. Schulstufe und\/oder Sch\u00fclerinnen und Sch\u00fcler der<br>Abschlussklassen (inkl. Sonderformen) holen Lerndefizite in allgemeinbildenden und\/oder<br>fachtheoretischen Pflichtgegenst\u00e4nden, die im vergangenen Schuljahr durch die COVID-19-<br>Pandemie entstanden sind, in Form eines zus\u00e4tzlichen Stundenangebotes nach.<br>Diese Stunden k\u00f6nnen als F\u00f6rderunterricht abgehalten werden. Sch\u00fclerinnen und Sch\u00fcler<br>k\u00f6nnen je nach Bedarf diese Stunden besuchen. Dar\u00fcber hinaus kann auch eine<br>Gruppenteilung in einem allgemeinbildenden und\/oder fachtheoretischen Pflichtgegenstand<br>angeboten werden.<br>Dieses Vorhaben wird aus Mitteln des Europ\u00e4ischen Sozialfonds als Teil der Reaktion der<br>Union auf die COVID-19-Pandemie finanziert.<\/p>\n<p>&nbsp;<\/p>\n\n\n\n<figure class=\"wp-block-image size-full\"><img loading=\"lazy\" decoding=\"async\" width=\"785\" height=\"698\" src=\"http:\/\/www.europagymnasium.at\/wp-content\/uploads\/2022\/03\/ESF-Logo-1.png\" alt=\"\" class=\"wp-image-21584\" srcset=\"https:\/\/www.europagymnasium.at\/wp-content\/uploads\/2022\/03\/ESF-Logo-1.png 785w, https:\/\/www.europagymnasium.at\/wp-content\/uploads\/2022\/03\/ESF-Logo-1-744x662.png 744w, https:\/\/www.europagymnasium.at\/wp-content\/uploads\/2022\/03\/ESF-Logo-1-420x373.png 420w, https:\/\/www.europagymnasium.at\/wp-content\/uploads\/2022\/03\/ESF-Logo-1-768x683.png 768w, https:\/\/www.europagymnasium.at\/wp-content\/uploads\/2022\/03\/ESF-Logo-1-337x300.png 337w\" sizes=\"auto, (max-width: 785px) 100vw, 785px\" \/><\/figure>\n","protected":false},"excerpt":{"rendered":"<p class=\"post-excerpt\">&nbsp; S-6.1a COVID-19 &#8211; Unterrichtsbezogene F\u00f6rderangebote im Bereich der allgemeinbildenden h\u00f6heren Schulen im Schuljahr 2021\/22 Allgemeine Projektbeschreibung:Sch\u00fclerinnen und Sch\u00fcler der&hellip;<\/p>\n<div class=\"link-more\"><a href=\"https:\/\/www.europagymnasium.at\/de\/2022\/03\/unterrichtsbezogene-foerderangebote-im-bereich-der-allgemeinbildenden-hoeheren-schulen-im-schuljahr-2021-22\/\">Continue reading<span class=\"screen-reader-text\"> \"Unterrichtsbezogene F\u00f6rderangebote im Bereich der allgemein<br>bildenden h\u00f6heren Schulen im Schuljahr 2021\/22\"<\/span>&hellip;<\/a><\/div>","protected":false},"author":1,"featured_media":21582,"comment_status":"closed","ping_status":"closed","sticky":false,"template":"","format":"standard","meta":{"footnotes":""},"categories":[5],"tags":[],"class_list":["post-21581","post","type-post","status-publish","format-standard","has-post-thumbnail","hentry","category-unkategorisiert"],"_links":{"self":[{"href":"https:\/\/www.europagymnasium.at\/de\/wp-json\/wp\/v2\/posts\/21581","targetHints":{"allow":["GET"]}}],"collection":[{"href":"https:\/\/www.europagymnasium.at\/de\/wp-json\/wp\/v2\/posts"}],"about":[{"href":"https:\/\/www.europagymnasium.at\/de\/wp-json\/wp\/v2\/types\/post"}],"author":[{"embeddable":true,"href":"https:\/\/www.europagymnasium.at\/de\/wp-json\/wp\/v2\/users\/1"}],"replies":[{"embeddable":true,"href":"https:\/\/www.europagymnasium.at\/de\/wp-json\/wp\/v2\/comments?post=21581"}],"version-history":[{"count":1,"href":"https:\/\/www.europagymnasium.at\/de\/wp-json\/wp\/v2\/posts\/21581\/revisions"}],"predecessor-version":[{"id":21586,"href":"https:\/\/www.europagymnasium.at\/de\/wp-json\/wp\/v2\/posts\/21581\/revisions\/21586"}],"wp:featuredmedia":[{"embeddable":true,"href":"https:\/\/www.europagymnasium.at\/de\/wp-json\/wp\/v2\/media\/21582"}],"wp:attachment":[{"href":"https:\/\/www.europagymnasium.at\/de\/wp-json\/wp\/v2\/media?parent=21581"}],"wp:term":[{"taxonomy":"category","embeddable":true,"href":"https:\/\/www.europagymnasium.at\/de\/wp-json\/wp\/v2\/categories?post=21581"},{"taxonomy":"post_tag","embeddable":true,"href":"https:\/\/www.europagymnasium.at\/de\/wp-json\/wp\/v2\/tags?post=21581"}],"curies":[{"name":"wp","href":"https:\/\/api.w.org\/{rel}","templated":true}]}}