{"id":21556,"date":"2022-03-03T17:45:15","date_gmt":"2022-03-03T16:45:15","guid":{"rendered":"http:\/\/www.europagymnasium.at\/?p=21556"},"modified":"2022-03-03T17:45:16","modified_gmt":"2022-03-03T16:45:16","slug":"wir-helfen","status":"publish","type":"post","link":"https:\/\/www.europagymnasium.at\/de\/2022\/03\/wir-helfen\/","title":{"rendered":"<strong>Wir helfen!<\/strong>"},"content":{"rendered":"\n<p>Europagymnasium hilft der Ukraine<\/p>\n\n\n\n<p class=\"western\" lang=\"de-DE\"><span style=\"font-family: Arial, sans-serif;\"><span style=\"font-size: medium;\">Sehr geehrte Eltern, <br>liebe Freunde des Europagymnasiums, <br><\/span><\/span><br><span style=\"font-family: Arial, sans-serif;\"><span style=\"font-size: medium;\">angesichts der Katastrophe in der Ukraine hat das Europagymnasium Klagenfurt das dringende Verlangen, die notleidende Zivilbev\u00f6lkerung vor Ort zu unterst\u00fctzen. Aus diesem Grund starten wir eine Sammelaktion, damit die Menschen mit dem Notwendigsten versorgt werden k\u00f6nnen. <\/span><\/span><\/p>\n<p class=\"western\" lang=\"de-DE\" align=\"justify\"><span style=\"font-family: Arial, sans-serif;\"><span style=\"font-size: medium;\">Ab <\/span><\/span><span style=\"font-family: Arial, sans-serif;\"><span style=\"font-size: medium;\"><b>Mittwoch<\/b><\/span><\/span><span style=\"font-family: Arial, sans-serif;\"><span style=\"font-size: medium;\">, den <\/span><\/span><span style=\"font-family: Arial, sans-serif;\"><span style=\"font-size: medium;\"><b>2.3.2022<\/b><\/span><\/span><span style=\"font-family: Arial, sans-serif;\"><span style=\"font-size: medium;\">, k\u00f6nnen in der Zeit von 7:00 bis 7:50 Uhr Sachspenden im Nordtrakt Tiefparterre (Werkraum\/K\u00fcche) abgegeben werden. <\/span><\/span><\/p>\n<p class=\"western\" lang=\"de-DE\"><span style=\"font-family: Arial, sans-serif;\"><span style=\"font-size: medium;\"><b>Ben\u00f6tigt werden:<\/b><\/span><\/span><\/p>\n<ul>\n<li>\n<p class=\"western\" lang=\"de-DE\"><span style=\"font-family: Arial, sans-serif;\"><span style=\"font-size: medium;\">Schlafs\u00e4cke<\/span><\/span><\/p>\n<\/li>\n<li>\n<p class=\"western\" lang=\"de-DE\"><span style=\"font-family: Arial, sans-serif;\"><span style=\"font-size: medium;\">haltbare Lebensmittel<\/span><\/span><\/p>\n<\/li>\n<li>\n<p class=\"western\" lang=\"de-DE\"><span style=\"font-family: Arial, sans-serif;\"><span style=\"font-size: medium;\">Hygieneartikel<\/span><\/span><\/p>\n<\/li>\n<li>\n<p class=\"western\" lang=\"de-DE\"><span style=\"font-family: Arial, sans-serif;\"><span style=\"font-size: medium;\">Matten<\/span><\/span><\/p>\n<\/li>\n<li>\n<p class=\"western\" lang=\"de-DE\"><span style=\"font-family: Arial, sans-serif;\"><span style=\"font-size: medium;\">Decken<\/span><\/span><\/p>\n<\/li>\n<li>\n<p class=\"western\" lang=\"de-DE\"><span style=\"font-family: Arial, sans-serif;\"><span style=\"font-size: medium;\">Erste-Hilfe-Ausstattungen<\/span><\/span><\/p>\n<\/li>\n<li>\n<p class=\"western\" lang=\"de-DE\"><span style=\"font-family: Arial, sans-serif;\"><span style=\"font-size: medium;\">Kuscheltiere<\/span><\/span><\/p>\n<\/li>\n<li>\n<p class=\"western\" lang=\"de-DE\"><span style=\"font-family: Arial, sans-serif;\"><span style=\"font-size: medium;\">Kleidungsst\u00fccke\/Schuhe <\/span><\/span><\/p>\n<\/li>\n<\/ul>\n<p class=\"western\" lang=\"de-DE\"><br><br><\/p>\n<p class=\"western\" lang=\"de-DE\" align=\"justify\"><span style=\"font-family: Arial, sans-serif;\"><span style=\"font-size: medium;\">Die Aktion endet am <\/span><\/span><span style=\"font-family: Arial, sans-serif;\"><span style=\"font-size: medium;\"><b>Dienstag<\/b><\/span><\/span><span style=\"font-family: Arial, sans-serif;\"><span style=\"font-size: medium;\">, den <\/span><\/span><span style=\"font-family: Arial, sans-serif;\"><span style=\"font-size: medium;\"><b>8.3.2022<\/b><\/span><\/span><span style=\"font-family: Arial, sans-serif;\"><span style=\"font-size: medium;\">. Im Anschluss wird die <\/span><\/span><span style=\"font-family: Arial, sans-serif;\"><span style=\"font-size: medium;\"><b>Caritas<\/b><\/span><\/span><span style=\"font-family: Arial, sans-serif;\"><span style=\"font-size: medium;\"> die Sachspenden von der Schule abholen und f\u00fcr den Transport sowie die Verteilung im Kriegsgebiet sorgen. <\/span><\/span><\/p>\n<p class=\"western\" lang=\"de-DE\"><span style=\"font-family: Arial, sans-serif;\"><span style=\"font-size: medium;\">Wir bedanken uns jetzt schon f\u00fcr Ihre Unterst\u00fctzung. <br><br>Mit den besten W\u00fcnschen<\/span><\/span><\/p>\n<p class=\"western\" lang=\"de-DE\"><span style=\"font-family: Arial, sans-serif;\"><span style=\"font-size: medium;\"><br><br><\/span><\/span><\/p>\n<p class=\"western\" lang=\"de-DE\"><span style=\"font-family: Arial, sans-serif;\"><span style=\"font-size: medium;\">die Direktion <br>und das Lehrerteam des Europagymnasiums<\/span><\/span><\/p>\n","protected":false},"excerpt":{"rendered":"<p class=\"post-excerpt\">Europagymnasium hilft der Ukraine Sehr geehrte Eltern, liebe Freunde des Europagymnasiums, angesichts der Katastrophe in der Ukraine hat das Europagymnasium&hellip;<\/p>\n<div class=\"link-more\"><a href=\"https:\/\/www.europagymnasium.at\/de\/2022\/03\/wir-helfen\/\">Continue reading<span class=\"screen-reader-text\"> \"<strong>Wir helfen!<\/strong>\"<\/span>&hellip;<\/a><\/div>","protected":false},"author":1,"featured_media":21557,"comment_status":"closed","ping_status":"closed","sticky":false,"template":"","format":"standard","meta":{"footnotes":""},"categories":[5],"tags":[],"class_list":["post-21556","post","type-post","status-publish","format-standard","has-post-thumbnail","hentry","category-unkategorisiert"],"_links":{"self":[{"href":"https:\/\/www.europagymnasium.at\/de\/wp-json\/wp\/v2\/posts\/21556","targetHints":{"allow":["GET"]}}],"collection":[{"href":"https:\/\/www.europagymnasium.at\/de\/wp-json\/wp\/v2\/posts"}],"about":[{"href":"https:\/\/www.europagymnasium.at\/de\/wp-json\/wp\/v2\/types\/post"}],"author":[{"embeddable":true,"href":"https:\/\/www.europagymnasium.at\/de\/wp-json\/wp\/v2\/users\/1"}],"replies":[{"embeddable":true,"href":"https:\/\/www.europagymnasium.at\/de\/wp-json\/wp\/v2\/comments?post=21556"}],"version-history":[{"count":1,"href":"https:\/\/www.europagymnasium.at\/de\/wp-json\/wp\/v2\/posts\/21556\/revisions"}],"predecessor-version":[{"id":21559,"href":"https:\/\/www.europagymnasium.at\/de\/wp-json\/wp\/v2\/posts\/21556\/revisions\/21559"}],"wp:featuredmedia":[{"embeddable":true,"href":"https:\/\/www.europagymnasium.at\/de\/wp-json\/wp\/v2\/media\/21557"}],"wp:attachment":[{"href":"https:\/\/www.europagymnasium.at\/de\/wp-json\/wp\/v2\/media?parent=21556"}],"wp:term":[{"taxonomy":"category","embeddable":true,"href":"https:\/\/www.europagymnasium.at\/de\/wp-json\/wp\/v2\/categories?post=21556"},{"taxonomy":"post_tag","embeddable":true,"href":"https:\/\/www.europagymnasium.at\/de\/wp-json\/wp\/v2\/tags?post=21556"}],"curies":[{"name":"wp","href":"https:\/\/api.w.org\/{rel}","templated":true}]}}