{"id":14400,"date":"2021-03-03T09:10:04","date_gmt":"2021-03-03T08:10:04","guid":{"rendered":"http:\/\/www.europagymnasium.at\/?p=14400"},"modified":"2021-12-28T13:05:53","modified_gmt":"2021-12-28T12:05:53","slug":"monatsraetsel-maerz-2021","status":"publish","type":"post","link":"https:\/\/www.europagymnasium.at\/de\/2021\/03\/monatsraetsel-maerz-2021\/","title":{"rendered":"Monatsr\u00e4tsel M\u00e4rz 2021"},"content":{"rendered":"<p><a href=\"http:\/\/www.europagymnasium.at\/wp-content\/uploads\/2021\/03\/Screenshot_20210303_090754.png\"><img loading=\"lazy\" decoding=\"async\" class=\"alignnone size-thumbnail wp-image-14402\" src=\"http:\/\/www.europagymnasium.at\/wp-content\/uploads\/2021\/03\/Screenshot_20210303_090754-420x323.png\" alt=\"\" width=\"420\" height=\"323\" srcset=\"https:\/\/www.europagymnasium.at\/wp-content\/uploads\/2021\/03\/Screenshot_20210303_090754-420x323.png 420w, https:\/\/www.europagymnasium.at\/wp-content\/uploads\/2021\/03\/Screenshot_20210303_090754-744x573.png 744w, https:\/\/www.europagymnasium.at\/wp-content\/uploads\/2021\/03\/Screenshot_20210303_090754-390x300.png 390w, https:\/\/www.europagymnasium.at\/wp-content\/uploads\/2021\/03\/Screenshot_20210303_090754.png 761w\" sizes=\"auto, (max-width: 420px) 100vw, 420px\" \/><\/a><\/p>\n<p>Die Verlosung der beiden letzten R\u00e4tsel hat bereits unter Aufsicht stattgefunden:<br \/>\nDie GewinnerInnen lauten: Dezember: Illias Weissl, J\u00e4nner: Samantha Rabensteiner aus der 2E!<\/p>\n<p>Folgende Sch\u00fclerInnen haben eine korrekte L\u00f6sung des Februar R\u00e4tsels abgegeben: Era Llapashtica (?), Aaron Wiedergut (3E), Arienne Bettstetter (2E) und Max Zhou (2E).<\/p>\n<p>Herzliche Gratulation!!<br \/>\nDie Verlosung der 35\u20ac findet im Konferenzzimmer statt, der oder die Gewinnerin wird anschlie\u00dfend pers\u00f6nlich verst\u00e4ndigt!<br \/>\n<strong>Abgabe bis sp\u00e4testens Freitag, 5.4.2021<\/strong>, bei Prof. Hofer oder \u00fcber hofer.daniel@europagymnasium.at &#8211; viel Erfolg!<\/p>\n<p>&nbsp;<\/p>\n<p><a href=\"http:\/\/www.europagymnasium.at\/wp-content\/uploads\/2021\/03\/Maerz_2021-1.pdf\">M\u00e4rz_2021<\/a> (pdf)<\/p>\n","protected":false},"excerpt":{"rendered":"<p class=\"post-excerpt\">Die Verlosung der beiden letzten R\u00e4tsel hat bereits unter Aufsicht stattgefunden: Die GewinnerInnen lauten: Dezember: Illias Weissl, J\u00e4nner: Samantha Rabensteiner&hellip;<\/p>\n<div class=\"link-more\"><a href=\"https:\/\/www.europagymnasium.at\/de\/2021\/03\/monatsraetsel-maerz-2021\/\">Continue reading<span class=\"screen-reader-text\"> \"Monatsr\u00e4tsel M\u00e4rz 2021\"<\/span>&hellip;<\/a><\/div>","protected":false},"author":1,"featured_media":13755,"comment_status":"closed","ping_status":"closed","sticky":false,"template":"","format":"standard","meta":{"footnotes":""},"categories":[5],"tags":[],"class_list":["post-14400","post","type-post","status-publish","format-standard","has-post-thumbnail","hentry","category-unkategorisiert"],"_links":{"self":[{"href":"https:\/\/www.europagymnasium.at\/de\/wp-json\/wp\/v2\/posts\/14400","targetHints":{"allow":["GET"]}}],"collection":[{"href":"https:\/\/www.europagymnasium.at\/de\/wp-json\/wp\/v2\/posts"}],"about":[{"href":"https:\/\/www.europagymnasium.at\/de\/wp-json\/wp\/v2\/types\/post"}],"author":[{"embeddable":true,"href":"https:\/\/www.europagymnasium.at\/de\/wp-json\/wp\/v2\/users\/1"}],"replies":[{"embeddable":true,"href":"https:\/\/www.europagymnasium.at\/de\/wp-json\/wp\/v2\/comments?post=14400"}],"version-history":[{"count":2,"href":"https:\/\/www.europagymnasium.at\/de\/wp-json\/wp\/v2\/posts\/14400\/revisions"}],"predecessor-version":[{"id":19042,"href":"https:\/\/www.europagymnasium.at\/de\/wp-json\/wp\/v2\/posts\/14400\/revisions\/19042"}],"wp:featuredmedia":[{"embeddable":true,"href":"https:\/\/www.europagymnasium.at\/de\/wp-json\/wp\/v2\/media\/13755"}],"wp:attachment":[{"href":"https:\/\/www.europagymnasium.at\/de\/wp-json\/wp\/v2\/media?parent=14400"}],"wp:term":[{"taxonomy":"category","embeddable":true,"href":"https:\/\/www.europagymnasium.at\/de\/wp-json\/wp\/v2\/categories?post=14400"},{"taxonomy":"post_tag","embeddable":true,"href":"https:\/\/www.europagymnasium.at\/de\/wp-json\/wp\/v2\/tags?post=14400"}],"curies":[{"name":"wp","href":"https:\/\/api.w.org\/{rel}","templated":true}]}}