{"id":13675,"date":"2020-03-11T19:48:21","date_gmt":"2020-03-11T18:48:21","guid":{"rendered":"http:\/\/www.europagymnasium.at\/\/?p=13675"},"modified":"2021-12-28T13:05:48","modified_gmt":"2021-12-28T12:05:48","slug":"a-cocinar-mexikanisch-spanische-kueche","status":"publish","type":"post","link":"https:\/\/www.europagymnasium.at\/de\/2020\/03\/a-cocinar-mexikanisch-spanische-kueche\/","title":{"rendered":"\u00a1A cocinar! \u2013 mexikanisch-spanische K\u00fcche"},"content":{"rendered":"<p><a name=\"_GoBack\"><\/a> Auch dieses Schuljahr bietet der Verein Europagymnasium wieder einen Spanisch-Konversationskurs an.<b> <\/b>Mit gro\u00dfer Freude lernen Sch\u00fcler und Sch\u00fclerinnen aus den 1. 2. 4. und 5. Klassen diese Sprache. Die Landes- und Kulturkunde steht dabei jede Woche am Programm. Gelernt werden Phrasen, Lieder, kurze Dialoge sowie Spezialit\u00e4ten aus Spanien und Lateinamerika werden gekostet. Am 4. M\u00e4rz haben die Iberophilen den Kochl\u00f6ffel geschwungen; denn der beste und einpr\u00e4gsamste Weg geht meist \u00fcber den Magen. Deshalb haben sie k\u00f6stliche Rezepte f\u00fcr spanische <i>alb\u00f3ndigas<\/i> (Fleischb\u00e4llchen) und mexikanische <i>quesadillas<\/i> (mit K\u00e4se gef\u00fcllte Maisfladen) mit <i>guacamole<\/i> (Avocado-Aufstrich) ausprobiert. Der Nachmittag war ein gro\u00dfer Erfolg, wie die bis auf den letzten L\u00f6ffel ausgeputzten Sch\u00fcsseln gezeigt haben!<\/p>\n<p><span lang=\"es-MX\"><i>\u00a1<\/i><\/span><i>Buen provecho!<\/i><\/p>\n<p><a href=\"http:\/\/www.europagymnasium.at\/wp-content\/uploads\/2020\/03\/IMG_20200304_133821.jpg\"><img loading=\"lazy\" decoding=\"async\" class=\"alignnone size-thumbnail wp-image-13676\" src=\"http:\/\/www.europagymnasium.at\/wp-content\/uploads\/2020\/03\/IMG_20200304_133821-420x315.jpg\" alt=\"\" width=\"420\" height=\"315\" srcset=\"https:\/\/www.europagymnasium.at\/wp-content\/uploads\/2020\/03\/IMG_20200304_133821-420x315.jpg 420w, https:\/\/www.europagymnasium.at\/wp-content\/uploads\/2020\/03\/IMG_20200304_133821-744x558.jpg 744w, https:\/\/www.europagymnasium.at\/wp-content\/uploads\/2020\/03\/IMG_20200304_133821-768x576.jpg 768w, https:\/\/www.europagymnasium.at\/wp-content\/uploads\/2020\/03\/IMG_20200304_133821-400x300.jpg 400w, https:\/\/www.europagymnasium.at\/wp-content\/uploads\/2020\/03\/IMG_20200304_133821.jpg 1024w\" sizes=\"auto, (max-width: 420px) 100vw, 420px\" \/><\/a> <a href=\"http:\/\/www.europagymnasium.at\/wp-content\/uploads\/2020\/03\/IMG_20200304_135820.jpg\"><img loading=\"lazy\" decoding=\"async\" class=\"alignnone size-thumbnail wp-image-13677\" src=\"http:\/\/www.europagymnasium.at\/wp-content\/uploads\/2020\/03\/IMG_20200304_135820-420x315.jpg\" alt=\"\" width=\"420\" height=\"315\" srcset=\"https:\/\/www.europagymnasium.at\/wp-content\/uploads\/2020\/03\/IMG_20200304_135820-420x315.jpg 420w, https:\/\/www.europagymnasium.at\/wp-content\/uploads\/2020\/03\/IMG_20200304_135820-744x558.jpg 744w, https:\/\/www.europagymnasium.at\/wp-content\/uploads\/2020\/03\/IMG_20200304_135820-768x576.jpg 768w, https:\/\/www.europagymnasium.at\/wp-content\/uploads\/2020\/03\/IMG_20200304_135820-400x300.jpg 400w, https:\/\/www.europagymnasium.at\/wp-content\/uploads\/2020\/03\/IMG_20200304_135820.jpg 1024w\" sizes=\"auto, (max-width: 420px) 100vw, 420px\" \/><\/a> <a href=\"http:\/\/www.europagymnasium.at\/wp-content\/uploads\/2020\/03\/IMG_20200304_141932.jpg\"><img loading=\"lazy\" decoding=\"async\" class=\"alignnone size-thumbnail wp-image-13678\" src=\"http:\/\/www.europagymnasium.at\/wp-content\/uploads\/2020\/03\/IMG_20200304_141932-420x315.jpg\" alt=\"\" width=\"420\" height=\"315\" srcset=\"https:\/\/www.europagymnasium.at\/wp-content\/uploads\/2020\/03\/IMG_20200304_141932-420x315.jpg 420w, https:\/\/www.europagymnasium.at\/wp-content\/uploads\/2020\/03\/IMG_20200304_141932-744x558.jpg 744w, https:\/\/www.europagymnasium.at\/wp-content\/uploads\/2020\/03\/IMG_20200304_141932-768x576.jpg 768w, https:\/\/www.europagymnasium.at\/wp-content\/uploads\/2020\/03\/IMG_20200304_141932-400x300.jpg 400w, https:\/\/www.europagymnasium.at\/wp-content\/uploads\/2020\/03\/IMG_20200304_141932.jpg 1024w\" sizes=\"auto, (max-width: 420px) 100vw, 420px\" \/><\/a> <a href=\"http:\/\/www.europagymnasium.at\/wp-content\/uploads\/2020\/03\/IMG_20200304_142352.jpg\"><img loading=\"lazy\" decoding=\"async\" class=\"alignnone size-thumbnail wp-image-13679\" src=\"http:\/\/www.europagymnasium.at\/wp-content\/uploads\/2020\/03\/IMG_20200304_142352-420x315.jpg\" alt=\"\" width=\"420\" height=\"315\" srcset=\"https:\/\/www.europagymnasium.at\/wp-content\/uploads\/2020\/03\/IMG_20200304_142352-420x315.jpg 420w, https:\/\/www.europagymnasium.at\/wp-content\/uploads\/2020\/03\/IMG_20200304_142352-744x558.jpg 744w, https:\/\/www.europagymnasium.at\/wp-content\/uploads\/2020\/03\/IMG_20200304_142352-768x576.jpg 768w, https:\/\/www.europagymnasium.at\/wp-content\/uploads\/2020\/03\/IMG_20200304_142352-400x300.jpg 400w, https:\/\/www.europagymnasium.at\/wp-content\/uploads\/2020\/03\/IMG_20200304_142352.jpg 1024w\" sizes=\"auto, (max-width: 420px) 100vw, 420px\" \/><\/a> <a href=\"http:\/\/www.europagymnasium.at\/wp-content\/uploads\/2020\/03\/IMG_20200304_143529.jpg\"><img loading=\"lazy\" decoding=\"async\" class=\"alignnone size-thumbnail wp-image-13680\" src=\"http:\/\/www.europagymnasium.at\/wp-content\/uploads\/2020\/03\/IMG_20200304_143529-420x315.jpg\" alt=\"\" width=\"420\" height=\"315\" srcset=\"https:\/\/www.europagymnasium.at\/wp-content\/uploads\/2020\/03\/IMG_20200304_143529-420x315.jpg 420w, https:\/\/www.europagymnasium.at\/wp-content\/uploads\/2020\/03\/IMG_20200304_143529-744x558.jpg 744w, https:\/\/www.europagymnasium.at\/wp-content\/uploads\/2020\/03\/IMG_20200304_143529-768x576.jpg 768w, https:\/\/www.europagymnasium.at\/wp-content\/uploads\/2020\/03\/IMG_20200304_143529-400x300.jpg 400w, https:\/\/www.europagymnasium.at\/wp-content\/uploads\/2020\/03\/IMG_20200304_143529.jpg 1024w\" sizes=\"auto, (max-width: 420px) 100vw, 420px\" \/><\/a><\/p>\n","protected":false},"excerpt":{"rendered":"<p class=\"post-excerpt\">Auch dieses Schuljahr bietet der Verein Europagymnasium wieder einen Spanisch-Konversationskurs an. Mit gro\u00dfer Freude lernen Sch\u00fcler und Sch\u00fclerinnen aus den&hellip;<\/p>\n<div class=\"link-more\"><a href=\"https:\/\/www.europagymnasium.at\/de\/2020\/03\/a-cocinar-mexikanisch-spanische-kueche\/\">Continue reading<span class=\"screen-reader-text\"> \"\u00a1A cocinar! \u2013 mexikanisch-spanische K\u00fcche\"<\/span>&hellip;<\/a><\/div>","protected":false},"author":1,"featured_media":13680,"comment_status":"closed","ping_status":"closed","sticky":false,"template":"","format":"standard","meta":{"footnotes":""},"categories":[5],"tags":[],"class_list":["post-13675","post","type-post","status-publish","format-standard","has-post-thumbnail","hentry","category-unkategorisiert"],"_links":{"self":[{"href":"https:\/\/www.europagymnasium.at\/de\/wp-json\/wp\/v2\/posts\/13675","targetHints":{"allow":["GET"]}}],"collection":[{"href":"https:\/\/www.europagymnasium.at\/de\/wp-json\/wp\/v2\/posts"}],"about":[{"href":"https:\/\/www.europagymnasium.at\/de\/wp-json\/wp\/v2\/types\/post"}],"author":[{"embeddable":true,"href":"https:\/\/www.europagymnasium.at\/de\/wp-json\/wp\/v2\/users\/1"}],"replies":[{"embeddable":true,"href":"https:\/\/www.europagymnasium.at\/de\/wp-json\/wp\/v2\/comments?post=13675"}],"version-history":[{"count":2,"href":"https:\/\/www.europagymnasium.at\/de\/wp-json\/wp\/v2\/posts\/13675\/revisions"}],"predecessor-version":[{"id":18911,"href":"https:\/\/www.europagymnasium.at\/de\/wp-json\/wp\/v2\/posts\/13675\/revisions\/18911"}],"wp:featuredmedia":[{"embeddable":true,"href":"https:\/\/www.europagymnasium.at\/de\/wp-json\/wp\/v2\/media\/13680"}],"wp:attachment":[{"href":"https:\/\/www.europagymnasium.at\/de\/wp-json\/wp\/v2\/media?parent=13675"}],"wp:term":[{"taxonomy":"category","embeddable":true,"href":"https:\/\/www.europagymnasium.at\/de\/wp-json\/wp\/v2\/categories?post=13675"},{"taxonomy":"post_tag","embeddable":true,"href":"https:\/\/www.europagymnasium.at\/de\/wp-json\/wp\/v2\/tags?post=13675"}],"curies":[{"name":"wp","href":"https:\/\/api.w.org\/{rel}","templated":true}]}}