{"id":13671,"date":"2020-03-11T19:47:05","date_gmt":"2020-03-11T18:47:05","guid":{"rendered":"http:\/\/www.europagymnasium.at\/\/?p=13671"},"modified":"2021-12-28T13:05:48","modified_gmt":"2021-12-28T12:05:48","slug":"wintersportwoche-der-2e","status":"publish","type":"post","link":"https:\/\/www.europagymnasium.at\/de\/2020\/03\/wintersportwoche-der-2e\/","title":{"rendered":"Wintersportwoche der 2E"},"content":{"rendered":"<p>Von 17.02. bis 21.02.2020 war die 2E auf Wintersportwoche am Wei\u00dfensee.<\/p>\n<p>Begleitet wurden wir von Professoren Daniel Hofer, Daniel Oberrauner und Reinhild G\u00f6schl.<\/p>\n<p>Nach der 2-st\u00fcndigen Anreise am Montag wurde zun\u00e4chst das Quartier bezogen. Wir wohnten in der Pension Winkler und waren in \u00e4u\u00dferst gem\u00fctlich eingerichteten Zwei- oder Dreibettzimmern untergebracht.<\/p>\n<p>Nach dem Mittagessen ging es gleich auf die Piste. Insgesamt gab es drei Gruppen, vom Anf\u00e4nger bis zum Fortgeschrittenen konnten alle Sch\u00fcler ihr K\u00f6nnen unter Beweis stellen bzw. verbessern. Am Montagabend hatten wir noch kurz Zeit, um das Eis auf dem Wei\u00dfensee zu testen. Den Abend lie\u00dfen wir beim gem\u00fctlichen Beisammensein ausklingen.<\/p>\n<p>Am Dienstagvormittag ging es wieder zum Schifahren. Der Nachmittag war f\u00fcr das Langlaufen reserviert. Am Abend stand ein Spieleabend auf dem Programm.<\/p>\n<p>Am Mittwochvormittag ging es wieder aufs Eis, eine Gruppe entschied sich f\u00fcr Eishockey, die anderen fuhren gem\u00fctlich ihre Runden. Nach dem k\u00f6stlichen Mittagessen, das wir wie jeden Tag im Quartier einnahmen, verbrachten wir den Nachmittag wieder auf dem Berg. Am Abend gab es einen Quiz-Abend, bei dem alle sehr viel Spa\u00df hatten.<\/p>\n<p>Nach weiteren Stunden auf der Schipiste begaben wir uns am Donnerstagnachmittag wieder zum Langlaufen. Dieses Mal wurde ein Biathlonrennen abgehalten. Der Spa\u00df stand auch hier an erster Stelle.<\/p>\n<p>Am Lustigsten war der Donnerstagabend. Wir veranstalteten ein H\u00fcttenlotto, bei dem immer Eins-gegen-Eins-Duelle zwischen Sch\u00fclern durchgef\u00fchrt wurden. Die Sieger erhielten kleine Preise. Es war ein sehr geselliger Abend, an dem wir auch etwas l\u00e4nger aufbleiben durften.<\/p>\n<p>Nach ein paar Stunden Schifahren mussten wir am Freitag zu Mittag leider wieder die Heimreise antreten. Wir fanden diese Wintersportwoche sehr aufregend, spannend und lustig und gewiss hat sie auch positiv zu unserer Klassengemeinschaft beigetragen. Deshalb freuen wir uns schon sehr auf ein neues Abenteuer im n\u00e4chsten Schuljahr.<\/p>\n<p>Toni Wagner, 2E<\/p>\n<p>&nbsp;<\/p>\n<p><a href=\"http:\/\/www.europagymnasium.at\/wp-content\/uploads\/2020\/03\/IMG_0304.jpg\"><img loading=\"lazy\" decoding=\"async\" class=\"alignnone size-thumbnail wp-image-13672\" src=\"http:\/\/www.europagymnasium.at\/wp-content\/uploads\/2020\/03\/IMG_0304-420x315.jpg\" alt=\"\" width=\"420\" height=\"315\" srcset=\"https:\/\/www.europagymnasium.at\/wp-content\/uploads\/2020\/03\/IMG_0304-420x315.jpg 420w, https:\/\/www.europagymnasium.at\/wp-content\/uploads\/2020\/03\/IMG_0304-744x558.jpg 744w, https:\/\/www.europagymnasium.at\/wp-content\/uploads\/2020\/03\/IMG_0304-768x576.jpg 768w, https:\/\/www.europagymnasium.at\/wp-content\/uploads\/2020\/03\/IMG_0304-400x300.jpg 400w, https:\/\/www.europagymnasium.at\/wp-content\/uploads\/2020\/03\/IMG_0304.jpg 1024w\" sizes=\"auto, (max-width: 420px) 100vw, 420px\" \/><\/a><\/p>\n<p><a href=\"http:\/\/www.europagymnasium.at\/wp-content\/uploads\/2020\/03\/IMG_0326.jpg\"><img loading=\"lazy\" decoding=\"async\" class=\"alignnone size-thumbnail wp-image-13673\" src=\"http:\/\/www.europagymnasium.at\/wp-content\/uploads\/2020\/03\/IMG_0326-420x315.jpg\" alt=\"\" width=\"420\" height=\"315\" srcset=\"https:\/\/www.europagymnasium.at\/wp-content\/uploads\/2020\/03\/IMG_0326-420x315.jpg 420w, https:\/\/www.europagymnasium.at\/wp-content\/uploads\/2020\/03\/IMG_0326-744x558.jpg 744w, https:\/\/www.europagymnasium.at\/wp-content\/uploads\/2020\/03\/IMG_0326-768x576.jpg 768w, https:\/\/www.europagymnasium.at\/wp-content\/uploads\/2020\/03\/IMG_0326-400x300.jpg 400w, https:\/\/www.europagymnasium.at\/wp-content\/uploads\/2020\/03\/IMG_0326.jpg 1024w\" sizes=\"auto, (max-width: 420px) 100vw, 420px\" \/><\/a><\/p>\n","protected":false},"excerpt":{"rendered":"<p class=\"post-excerpt\">Von 17.02. bis 21.02.2020 war die 2E auf Wintersportwoche am Wei\u00dfensee. Begleitet wurden wir von Professoren Daniel Hofer, Daniel Oberrauner&hellip;<\/p>\n<div class=\"link-more\"><a href=\"https:\/\/www.europagymnasium.at\/de\/2020\/03\/wintersportwoche-der-2e\/\">Continue reading<span class=\"screen-reader-text\"> \"Wintersportwoche der 2E\"<\/span>&hellip;<\/a><\/div>","protected":false},"author":1,"featured_media":13672,"comment_status":"closed","ping_status":"closed","sticky":false,"template":"","format":"standard","meta":{"footnotes":""},"categories":[5],"tags":[],"class_list":["post-13671","post","type-post","status-publish","format-standard","has-post-thumbnail","hentry","category-unkategorisiert"],"_links":{"self":[{"href":"https:\/\/www.europagymnasium.at\/de\/wp-json\/wp\/v2\/posts\/13671","targetHints":{"allow":["GET"]}}],"collection":[{"href":"https:\/\/www.europagymnasium.at\/de\/wp-json\/wp\/v2\/posts"}],"about":[{"href":"https:\/\/www.europagymnasium.at\/de\/wp-json\/wp\/v2\/types\/post"}],"author":[{"embeddable":true,"href":"https:\/\/www.europagymnasium.at\/de\/wp-json\/wp\/v2\/users\/1"}],"replies":[{"embeddable":true,"href":"https:\/\/www.europagymnasium.at\/de\/wp-json\/wp\/v2\/comments?post=13671"}],"version-history":[{"count":2,"href":"https:\/\/www.europagymnasium.at\/de\/wp-json\/wp\/v2\/posts\/13671\/revisions"}],"predecessor-version":[{"id":18910,"href":"https:\/\/www.europagymnasium.at\/de\/wp-json\/wp\/v2\/posts\/13671\/revisions\/18910"}],"wp:featuredmedia":[{"embeddable":true,"href":"https:\/\/www.europagymnasium.at\/de\/wp-json\/wp\/v2\/media\/13672"}],"wp:attachment":[{"href":"https:\/\/www.europagymnasium.at\/de\/wp-json\/wp\/v2\/media?parent=13671"}],"wp:term":[{"taxonomy":"category","embeddable":true,"href":"https:\/\/www.europagymnasium.at\/de\/wp-json\/wp\/v2\/categories?post=13671"},{"taxonomy":"post_tag","embeddable":true,"href":"https:\/\/www.europagymnasium.at\/de\/wp-json\/wp\/v2\/tags?post=13671"}],"curies":[{"name":"wp","href":"https:\/\/api.w.org\/{rel}","templated":true}]}}