{"id":13572,"date":"2020-02-07T14:36:13","date_gmt":"2020-02-07T13:36:13","guid":{"rendered":"http:\/\/www.europagymnasium.at\/\/?p=13572"},"modified":"2021-12-28T13:05:47","modified_gmt":"2021-12-28T12:05:47","slug":"besuch-im-haus-harbach","status":"publish","type":"post","link":"https:\/\/www.europagymnasium.at\/de\/2020\/02\/besuch-im-haus-harbach\/","title":{"rendered":"Besuch im \u201eHaus Harbach\u201c"},"content":{"rendered":"<p align=\"justify\">Am Montag, den 13. J\u00e4nner 2020, besuchte unsere 3D-Klasse eine der Einrichtungen f\u00fcr \u00e4ltere Menschen der Diakonie K\u00e4rnten. Wir bereiteten uns in der Schule sehr intensiv auf diesen Besuch vor. Im Mittelpunkt standen unser \u201eLeseprojekt-Sagen aus K\u00e4rnten\u201c und ein Einblick in den Alltag der Bewohner und Bewohnerinnen.<\/p>\n<p align=\"justify\">In der Diakonie angekommen, begr\u00fc\u00dfte uns eine sehr nette Mitarbeiterin. Nachdem wir in drei Gruppen aufgeteilt wurden, brachte man uns zu den Bewohnerinnen und Bewohnern, die schon auf uns warteten. Anschlie\u00dfend lasen jede Sch\u00fclerin und jeder Sch\u00fcler zwei Sagen vor. In unserer Gruppe h\u00f6rten alle sehr aufmerksam zu, applaudierten sogar und lobten uns, das uns sehr freute.<\/p>\n<p align=\"justify\">Anschlie\u00dfend informierte uns Frau Kucher, die Mutter einer Mitsch\u00fclerin, die in der Diakonie arbeitet, \u00fcber den Tagesablauf der \u00e4lteren Menschen und \u00fcber \u201eSoziale Berufe\u201c sowie ihre Entscheidung in diesem Bereich zu arbeiten. Vielen Dank der Diakonie, dass wir bei ihnen Gast sein durften.<\/p>\n<p align=\"justify\">Elena, Emma, Nejla (3D)<\/p>\n<p><a href=\"http:\/\/www.europagymnasium.at\/wp-content\/uploads\/2020\/02\/IMG_20200113_153240.jpg\"><img loading=\"lazy\" decoding=\"async\" class=\"size-thumbnail wp-image-13574\" src=\"http:\/\/www.europagymnasium.at\/wp-content\/uploads\/2020\/02\/IMG_20200113_153240-420x560.jpg\" alt=\"\" width=\"420\" height=\"560\" srcset=\"https:\/\/www.europagymnasium.at\/wp-content\/uploads\/2020\/02\/IMG_20200113_153240-420x560.jpg 420w, https:\/\/www.europagymnasium.at\/wp-content\/uploads\/2020\/02\/IMG_20200113_153240-744x992.jpg 744w, https:\/\/www.europagymnasium.at\/wp-content\/uploads\/2020\/02\/IMG_20200113_153240-225x300.jpg 225w, https:\/\/www.europagymnasium.at\/wp-content\/uploads\/2020\/02\/IMG_20200113_153240.jpg 768w\" sizes=\"auto, (max-width: 420px) 100vw, 420px\" \/><\/a><\/p>\n<p><a href=\"http:\/\/www.europagymnasium.at\/wp-content\/uploads\/2020\/02\/IMG_20200113_153929.jpg\"><img loading=\"lazy\" decoding=\"async\" class=\"size-thumbnail wp-image-13575\" src=\"http:\/\/www.europagymnasium.at\/wp-content\/uploads\/2020\/02\/IMG_20200113_153929-420x560.jpg\" alt=\"\" width=\"420\" height=\"560\" srcset=\"https:\/\/www.europagymnasium.at\/wp-content\/uploads\/2020\/02\/IMG_20200113_153929-420x560.jpg 420w, https:\/\/www.europagymnasium.at\/wp-content\/uploads\/2020\/02\/IMG_20200113_153929-744x992.jpg 744w, https:\/\/www.europagymnasium.at\/wp-content\/uploads\/2020\/02\/IMG_20200113_153929-225x300.jpg 225w, https:\/\/www.europagymnasium.at\/wp-content\/uploads\/2020\/02\/IMG_20200113_153929.jpg 768w\" sizes=\"auto, (max-width: 420px) 100vw, 420px\" \/><\/a><\/p>\n<p><a href=\"http:\/\/www.europagymnasium.at\/wp-content\/uploads\/2020\/02\/IMG_20200113_154502.jpg\"><img loading=\"lazy\" decoding=\"async\" class=\"size-thumbnail wp-image-13576\" src=\"http:\/\/www.europagymnasium.at\/wp-content\/uploads\/2020\/02\/IMG_20200113_154502-420x560.jpg\" alt=\"\" width=\"420\" height=\"560\" srcset=\"https:\/\/www.europagymnasium.at\/wp-content\/uploads\/2020\/02\/IMG_20200113_154502-420x560.jpg 420w, https:\/\/www.europagymnasium.at\/wp-content\/uploads\/2020\/02\/IMG_20200113_154502-744x992.jpg 744w, https:\/\/www.europagymnasium.at\/wp-content\/uploads\/2020\/02\/IMG_20200113_154502-225x300.jpg 225w, https:\/\/www.europagymnasium.at\/wp-content\/uploads\/2020\/02\/IMG_20200113_154502.jpg 768w\" sizes=\"auto, (max-width: 420px) 100vw, 420px\" \/><\/a><\/p>\n<p><a href=\"http:\/\/www.europagymnasium.at\/wp-content\/uploads\/2020\/02\/IMG_20200113_160603.jpg\"><img loading=\"lazy\" decoding=\"async\" class=\"size-thumbnail wp-image-13577\" src=\"http:\/\/www.europagymnasium.at\/wp-content\/uploads\/2020\/02\/IMG_20200113_160603-420x560.jpg\" alt=\"\" width=\"420\" height=\"560\" srcset=\"https:\/\/www.europagymnasium.at\/wp-content\/uploads\/2020\/02\/IMG_20200113_160603-420x560.jpg 420w, https:\/\/www.europagymnasium.at\/wp-content\/uploads\/2020\/02\/IMG_20200113_160603-744x992.jpg 744w, https:\/\/www.europagymnasium.at\/wp-content\/uploads\/2020\/02\/IMG_20200113_160603-225x300.jpg 225w, https:\/\/www.europagymnasium.at\/wp-content\/uploads\/2020\/02\/IMG_20200113_160603.jpg 768w\" sizes=\"auto, (max-width: 420px) 100vw, 420px\" \/><\/a><\/p>\n<p><a href=\"http:\/\/www.europagymnasium.at\/wp-content\/uploads\/2020\/02\/IMG_20200113_162022.jpg\"><img loading=\"lazy\" decoding=\"async\" class=\"size-thumbnail wp-image-13578\" src=\"http:\/\/www.europagymnasium.at\/wp-content\/uploads\/2020\/02\/IMG_20200113_162022-420x560.jpg\" alt=\"\" width=\"420\" height=\"560\" srcset=\"https:\/\/www.europagymnasium.at\/wp-content\/uploads\/2020\/02\/IMG_20200113_162022-420x560.jpg 420w, https:\/\/www.europagymnasium.at\/wp-content\/uploads\/2020\/02\/IMG_20200113_162022-744x992.jpg 744w, https:\/\/www.europagymnasium.at\/wp-content\/uploads\/2020\/02\/IMG_20200113_162022-225x300.jpg 225w, https:\/\/www.europagymnasium.at\/wp-content\/uploads\/2020\/02\/IMG_20200113_162022.jpg 768w\" sizes=\"auto, (max-width: 420px) 100vw, 420px\" \/><\/a><\/p>\n","protected":false},"excerpt":{"rendered":"<p class=\"post-excerpt\">Am Montag, den 13. J\u00e4nner 2020, besuchte unsere 3D-Klasse eine der Einrichtungen f\u00fcr \u00e4ltere Menschen der Diakonie K\u00e4rnten. Wir bereiteten&hellip;<\/p>\n<div class=\"link-more\"><a href=\"https:\/\/www.europagymnasium.at\/de\/2020\/02\/besuch-im-haus-harbach\/\">Continue reading<span class=\"screen-reader-text\"> \"Besuch im \u201eHaus Harbach\u201c\"<\/span>&hellip;<\/a><\/div>","protected":false},"author":1,"featured_media":13573,"comment_status":"closed","ping_status":"closed","sticky":false,"template":"","format":"standard","meta":{"footnotes":""},"categories":[5],"tags":[],"class_list":["post-13572","post","type-post","status-publish","format-standard","has-post-thumbnail","hentry","category-unkategorisiert"],"_links":{"self":[{"href":"https:\/\/www.europagymnasium.at\/de\/wp-json\/wp\/v2\/posts\/13572","targetHints":{"allow":["GET"]}}],"collection":[{"href":"https:\/\/www.europagymnasium.at\/de\/wp-json\/wp\/v2\/posts"}],"about":[{"href":"https:\/\/www.europagymnasium.at\/de\/wp-json\/wp\/v2\/types\/post"}],"author":[{"embeddable":true,"href":"https:\/\/www.europagymnasium.at\/de\/wp-json\/wp\/v2\/users\/1"}],"replies":[{"embeddable":true,"href":"https:\/\/www.europagymnasium.at\/de\/wp-json\/wp\/v2\/comments?post=13572"}],"version-history":[{"count":2,"href":"https:\/\/www.europagymnasium.at\/de\/wp-json\/wp\/v2\/posts\/13572\/revisions"}],"predecessor-version":[{"id":18890,"href":"https:\/\/www.europagymnasium.at\/de\/wp-json\/wp\/v2\/posts\/13572\/revisions\/18890"}],"wp:featuredmedia":[{"embeddable":true,"href":"https:\/\/www.europagymnasium.at\/de\/wp-json\/wp\/v2\/media\/13573"}],"wp:attachment":[{"href":"https:\/\/www.europagymnasium.at\/de\/wp-json\/wp\/v2\/media?parent=13572"}],"wp:term":[{"taxonomy":"category","embeddable":true,"href":"https:\/\/www.europagymnasium.at\/de\/wp-json\/wp\/v2\/categories?post=13572"},{"taxonomy":"post_tag","embeddable":true,"href":"https:\/\/www.europagymnasium.at\/de\/wp-json\/wp\/v2\/tags?post=13572"}],"curies":[{"name":"wp","href":"https:\/\/api.w.org\/{rel}","templated":true}]}}