{"id":12960,"date":"2019-10-13T11:32:51","date_gmt":"2019-10-13T09:32:51","guid":{"rendered":"http:\/\/www.europagymnasium.at\/\/?p=12960"},"modified":"2021-12-28T13:05:44","modified_gmt":"2021-12-28T12:05:44","slug":"lesenacht-der-2e","status":"publish","type":"post","link":"https:\/\/www.europagymnasium.at\/de\/2019\/10\/lesenacht-der-2e\/","title":{"rendered":"Lesenacht der 2E"},"content":{"rendered":"<p>Am 20. September 2019 trafen die Sch\u00fclerinnen und Sch\u00fcler der 2E einander zu einer recht un\u00fcblichen Zeit \u2013 es war 18:00 Uhr \u2013 auf dem Lehrerparkplatz. Bald lagen viele Taschen und Rucks\u00e4cke verstreut umher. Kein Wunder, enthielten sie doch jede Menge \u00dcbernachtungsutensilien, die wir in den Turnsaal schleppten, in dem wir eine Lesenacht verbringen wollten.<\/p>\n<p>Vorerst aber gingen wir auf den Sportplatz, um Fu\u00dfball, Volleyball und Mordball zu spielen. Das war sehr lustig. Vor dem Abendessen \u2013 unser Klassenvorstand hatte Pizzen bestellt \u2013 richteten wir gem\u00fctliche Schlafpl\u00e4tze her. Wir bauten unsere Nester verstreut im ganzen Turnsaal auf.<\/p>\n<p>Nachdem wir in der Aula unsere Pizzen verspeist hatten, gingen wir in die Bibliothek und h\u00f6rten aufmerksam zu, wie einige Sch\u00fclerinnen und Sch\u00fcler selbstgefertigte Texte vorlasen.<\/p>\n<p>Danach begaben wir uns in den Turnsaal, kuschelten uns in unsere Schlafs\u00e4cke und lasen, so lange wir wollten.<\/p>\n<p>Nach einer recht kurzen Nacht g\u00f6nnten wir uns ein reichhaltiges Fr\u00fchst\u00fcck, ehe wir von unseren Eltern abgeholt wurden.<\/p>\n<p>Wir danken Herrn Prof. Daniel Hofer und Frau Prof. Monika Burz f\u00fcr die Begleitung durch unsere Lesenacht!<\/p>\n<p>Anais Leschanz, 2E<\/p>\n","protected":false},"excerpt":{"rendered":"<p class=\"post-excerpt\">Am 20. September 2019 trafen die Sch\u00fclerinnen und Sch\u00fcler der 2E einander zu einer recht un\u00fcblichen Zeit \u2013 es war&hellip;<\/p>\n<div class=\"link-more\"><a href=\"https:\/\/www.europagymnasium.at\/de\/2019\/10\/lesenacht-der-2e\/\">Continue reading<span class=\"screen-reader-text\"> \"Lesenacht der 2E\"<\/span>&hellip;<\/a><\/div>","protected":false},"author":1,"featured_media":12961,"comment_status":"closed","ping_status":"closed","sticky":false,"template":"","format":"standard","meta":{"footnotes":""},"categories":[5],"tags":[],"class_list":["post-12960","post","type-post","status-publish","format-standard","has-post-thumbnail","hentry","category-unkategorisiert"],"_links":{"self":[{"href":"https:\/\/www.europagymnasium.at\/de\/wp-json\/wp\/v2\/posts\/12960","targetHints":{"allow":["GET"]}}],"collection":[{"href":"https:\/\/www.europagymnasium.at\/de\/wp-json\/wp\/v2\/posts"}],"about":[{"href":"https:\/\/www.europagymnasium.at\/de\/wp-json\/wp\/v2\/types\/post"}],"author":[{"embeddable":true,"href":"https:\/\/www.europagymnasium.at\/de\/wp-json\/wp\/v2\/users\/1"}],"replies":[{"embeddable":true,"href":"https:\/\/www.europagymnasium.at\/de\/wp-json\/wp\/v2\/comments?post=12960"}],"version-history":[{"count":2,"href":"https:\/\/www.europagymnasium.at\/de\/wp-json\/wp\/v2\/posts\/12960\/revisions"}],"predecessor-version":[{"id":18797,"href":"https:\/\/www.europagymnasium.at\/de\/wp-json\/wp\/v2\/posts\/12960\/revisions\/18797"}],"wp:featuredmedia":[{"embeddable":true,"href":"https:\/\/www.europagymnasium.at\/de\/wp-json\/wp\/v2\/media\/12961"}],"wp:attachment":[{"href":"https:\/\/www.europagymnasium.at\/de\/wp-json\/wp\/v2\/media?parent=12960"}],"wp:term":[{"taxonomy":"category","embeddable":true,"href":"https:\/\/www.europagymnasium.at\/de\/wp-json\/wp\/v2\/categories?post=12960"},{"taxonomy":"post_tag","embeddable":true,"href":"https:\/\/www.europagymnasium.at\/de\/wp-json\/wp\/v2\/tags?post=12960"}],"curies":[{"name":"wp","href":"https:\/\/api.w.org\/{rel}","templated":true}]}}