{"id":12633,"date":"2019-05-22T09:47:43","date_gmt":"2019-05-22T07:47:43","guid":{"rendered":"http:\/\/www.europagymnasium.at\/\/?p=12633"},"modified":"2021-12-28T13:05:41","modified_gmt":"2021-12-28T12:05:41","slug":"die-5abc-in-cividale-di-friuli-und-san-pietro-al-natisone","status":"publish","type":"post","link":"https:\/\/www.europagymnasium.at\/de\/2019\/05\/die-5abc-in-cividale-di-friuli-und-san-pietro-al-natisone\/","title":{"rendered":"Die 5ABC in Cividale di Friuli und San Pietro al Natisone"},"content":{"rendered":"<p><span style=\"font-family: Arial, sans-serif;\"><span style=\"font-size: medium;\">Am Donnerstag, den 2. Mai 2019 besuchten wir, die Italienischsch\u00fcler und -sch\u00fclerinnen der 5ABC, mit unseren Italienischprofessorinnen Mag. Eva Wieser-Krainer und Mag. Valentina Lahmar und unserer Sprachassistentin Martina Riccardi unsere Partnerschule in San Pietro al Natisone und hatten am Nachmittag auch die Gelegenheit die sch\u00f6ne Stadt Cividale kennenzulernen. <\/span><\/span><\/p>\n<p><span style=\"font-family: Arial, sans-serif;\"><span style=\"font-size: medium;\">Wir alle freuten uns sehr, unsere italienischen Freunde, die uns bereits im Dezember in Klagenfurt besucht hatten, wieder zu sehen, und wir waren auch schon sehr gespannt, endlich den Alltag in einer italienischen Schule zu erleben und die Unterschiede und Gemeinsamkeiten des \u00f6sterreichischen und des italienischen Schulsystems kennenzulernen. Der Vormittag war gemeinsamen Arbeiten in unserer Partnerschule gewidmet. Dabei hatten wir die Gelegenheit, uns auf Italienisch mit unseren Freunden zu unterhalten und Spannendes und Lehrreiches \u00fcber die Region von Cividale zu erfahren. <\/span><\/span><\/p>\n<p><span style=\"font-family: Arial, sans-serif;\"><span style=\"font-size: medium;\">Zu Mittag a\u00dfen wir gemeinsam in einer Pizzeria in Cividale und f\u00fcr den Nachmittag hatten die italienischen Sch\u00fclerInnen eine Stadf\u00fchrung f\u00fcr uns vorbereitet, bei der wir die Sehensw\u00fcrdigkeiten der malerischen Stadt Cividale kennenlernen durften. Besonders beeindruckend waren f\u00fcr uns der Fluss Natisone, \u00fcber den die sagenumrankte Teufelsbr\u00fccke f\u00fchrt, die mittelalterlichen H\u00e4user, das keltische Hypog\u00e4um und die schmalen G\u00e4sschen der Altstadt. <\/span><\/span><\/p>\n<p><span style=\"font-family: Arial, sans-serif;\"><span style=\"font-size: medium;\">Am Ende des Tages fuhren wir um viele neue Eindr\u00fccke und Erfahrungen reicher wieder zur\u00fcck nach Klagenfurt. <\/span><\/span><\/p>\n<p><span style=\"font-family: Arial, sans-serif;\"><span style=\"font-size: medium;\"><i> Die Sch\u00fclerinnen und Sch\u00fcler der 5ABC<\/i><\/span><\/span><\/p>\n<p>&nbsp;<\/p>\n<p><span style=\"font-family: Times New Roman, sans-serif;\"><span style=\"font-size: medium;\"><span lang=\"it-IT\">Cividale e la sua archittetura medievale sono bellissime. Mi sono piaciuti il Ponte del Diavolo, da qui si ha una vista mozzafiato sulla citt\u00e0, e il fiume Natisone con le sue acque limpide. <\/span><\/span><\/span><\/p>\n<p><span style=\"font-family: Times New Roman, sans-serif;\"><span style=\"font-size: medium;\"><span lang=\"it-IT\"><i> Elena Truppe<\/i><\/span><\/span><\/span><\/p>\n<p><span style=\"font-family: Times New Roman, sans-serif;\"><span style=\"font-size: medium;\"><span lang=\"it-IT\">Mi \u00e8 piaciuta la gita in Friuli perch\u00e9 ho visto qualcosa di nuovo: una tipica scuola italiana, la regione del Friuli e la bellissima citt\u00e0 di Cividale con il suo centro storico ed il suo fiume. <\/span><\/span><\/span><\/p>\n<p><span style=\"font-family: Times New Roman, sans-serif;\"><span style=\"font-size: medium;\"><span lang=\"it-IT\"><i> Kilian Overmann<\/i><\/span><\/span><\/span><\/p>\n<p><span style=\"font-family: Times New Roman, sans-serif;\"><span style=\"font-size: medium;\"><span lang=\"it-IT\">La citt\u00e0 di Cividale mi \u00e8 piaciuta tanto. Abbiamo visto molti monumenti interessanti. Il mio monumento preferito \u00e8 l\u2019ipogeo celtico. Ma non ci sono soltanto monumenti storici, si pu\u00f2 anche mangiare un gelato gustosossimo a Cividale.<\/span><\/span><\/span><\/p>\n<p><span style=\"font-family: Times New Roman, sans-serif;\"><span style=\"font-size: medium;\"><span lang=\"it-IT\"><i> Sarah Waldhauser<\/i><\/span><\/span><\/span><\/p>\n<p><span style=\"font-family: Times New Roman, sans-serif;\"><span style=\"font-size: medium;\"><span lang=\"it-IT\">L\u2019escursione a Cividale \u00e8 stata molto bella. Mi \u00e8 piaciuto soprattutto il lavoro di squadra con gli studenti italiani. Sono simpaticissimi!<\/span><\/span><\/span><\/p>\n<p><span style=\"font-family: Times New Roman, sans-serif;\"><span style=\"font-size: medium;\"><span lang=\"it-IT\"><i> Sarah Walcher<\/i><\/span><\/span><\/span><\/p>\n<p>&nbsp;<\/p>\n<p><a href=\"http:\/\/www.europagymnasium.at\/wp-content\/uploads\/2019\/05\/IMG_4908.jpg\"><img loading=\"lazy\" decoding=\"async\" class=\"alignnone size-thumbnail wp-image-12634\" src=\"http:\/\/www.europagymnasium.at\/wp-content\/uploads\/2019\/05\/IMG_4908-420x315.jpg\" alt=\"\" width=\"420\" height=\"315\" srcset=\"https:\/\/www.europagymnasium.at\/wp-content\/uploads\/2019\/05\/IMG_4908-420x315.jpg 420w, https:\/\/www.europagymnasium.at\/wp-content\/uploads\/2019\/05\/IMG_4908-744x558.jpg 744w, https:\/\/www.europagymnasium.at\/wp-content\/uploads\/2019\/05\/IMG_4908-768x576.jpg 768w, https:\/\/www.europagymnasium.at\/wp-content\/uploads\/2019\/05\/IMG_4908-400x300.jpg 400w, https:\/\/www.europagymnasium.at\/wp-content\/uploads\/2019\/05\/IMG_4908.jpg 1024w\" sizes=\"auto, (max-width: 420px) 100vw, 420px\" \/><\/a> <a href=\"http:\/\/www.europagymnasium.at\/wp-content\/uploads\/2019\/05\/IMG_4911.jpg\"><img loading=\"lazy\" decoding=\"async\" class=\"alignnone size-thumbnail wp-image-12635\" src=\"http:\/\/www.europagymnasium.at\/wp-content\/uploads\/2019\/05\/IMG_4911-420x315.jpg\" alt=\"\" width=\"420\" height=\"315\" srcset=\"https:\/\/www.europagymnasium.at\/wp-content\/uploads\/2019\/05\/IMG_4911-420x315.jpg 420w, https:\/\/www.europagymnasium.at\/wp-content\/uploads\/2019\/05\/IMG_4911-744x558.jpg 744w, https:\/\/www.europagymnasium.at\/wp-content\/uploads\/2019\/05\/IMG_4911-768x576.jpg 768w, https:\/\/www.europagymnasium.at\/wp-content\/uploads\/2019\/05\/IMG_4911-400x300.jpg 400w, https:\/\/www.europagymnasium.at\/wp-content\/uploads\/2019\/05\/IMG_4911.jpg 1024w\" sizes=\"auto, (max-width: 420px) 100vw, 420px\" \/><\/a> <a href=\"http:\/\/www.europagymnasium.at\/wp-content\/uploads\/2019\/05\/IMG_4920.jpg\"><img loading=\"lazy\" decoding=\"async\" class=\"alignnone size-thumbnail wp-image-12636\" src=\"http:\/\/www.europagymnasium.at\/wp-content\/uploads\/2019\/05\/IMG_4920-420x315.jpg\" alt=\"\" width=\"420\" height=\"315\" srcset=\"https:\/\/www.europagymnasium.at\/wp-content\/uploads\/2019\/05\/IMG_4920-420x315.jpg 420w, https:\/\/www.europagymnasium.at\/wp-content\/uploads\/2019\/05\/IMG_4920-744x558.jpg 744w, https:\/\/www.europagymnasium.at\/wp-content\/uploads\/2019\/05\/IMG_4920-768x576.jpg 768w, https:\/\/www.europagymnasium.at\/wp-content\/uploads\/2019\/05\/IMG_4920-400x300.jpg 400w, https:\/\/www.europagymnasium.at\/wp-content\/uploads\/2019\/05\/IMG_4920.jpg 1024w\" sizes=\"auto, (max-width: 420px) 100vw, 420px\" \/><\/a> <a href=\"http:\/\/www.europagymnasium.at\/wp-content\/uploads\/2019\/05\/IMG_4921.jpg\"><img loading=\"lazy\" decoding=\"async\" class=\"alignnone size-thumbnail wp-image-12637\" src=\"http:\/\/www.europagymnasium.at\/wp-content\/uploads\/2019\/05\/IMG_4921-420x315.jpg\" alt=\"\" width=\"420\" height=\"315\" srcset=\"https:\/\/www.europagymnasium.at\/wp-content\/uploads\/2019\/05\/IMG_4921-420x315.jpg 420w, https:\/\/www.europagymnasium.at\/wp-content\/uploads\/2019\/05\/IMG_4921-744x558.jpg 744w, https:\/\/www.europagymnasium.at\/wp-content\/uploads\/2019\/05\/IMG_4921-768x576.jpg 768w, https:\/\/www.europagymnasium.at\/wp-content\/uploads\/2019\/05\/IMG_4921-400x300.jpg 400w, https:\/\/www.europagymnasium.at\/wp-content\/uploads\/2019\/05\/IMG_4921.jpg 1024w\" sizes=\"auto, (max-width: 420px) 100vw, 420px\" \/><\/a> <a href=\"http:\/\/www.europagymnasium.at\/wp-content\/uploads\/2019\/05\/IMG_4924.jpg\"><img loading=\"lazy\" decoding=\"async\" class=\"alignnone size-thumbnail wp-image-12638\" src=\"http:\/\/www.europagymnasium.at\/wp-content\/uploads\/2019\/05\/IMG_4924-420x315.jpg\" alt=\"\" width=\"420\" height=\"315\" srcset=\"https:\/\/www.europagymnasium.at\/wp-content\/uploads\/2019\/05\/IMG_4924-420x315.jpg 420w, https:\/\/www.europagymnasium.at\/wp-content\/uploads\/2019\/05\/IMG_4924-744x558.jpg 744w, https:\/\/www.europagymnasium.at\/wp-content\/uploads\/2019\/05\/IMG_4924-768x576.jpg 768w, https:\/\/www.europagymnasium.at\/wp-content\/uploads\/2019\/05\/IMG_4924-400x300.jpg 400w, https:\/\/www.europagymnasium.at\/wp-content\/uploads\/2019\/05\/IMG_4924.jpg 1024w\" sizes=\"auto, (max-width: 420px) 100vw, 420px\" \/><\/a> <a href=\"http:\/\/www.europagymnasium.at\/wp-content\/uploads\/2019\/05\/IMG_4928.jpg\"><img loading=\"lazy\" decoding=\"async\" class=\"alignnone size-thumbnail wp-image-12639\" src=\"http:\/\/www.europagymnasium.at\/wp-content\/uploads\/2019\/05\/IMG_4928-420x315.jpg\" alt=\"\" width=\"420\" height=\"315\" srcset=\"https:\/\/www.europagymnasium.at\/wp-content\/uploads\/2019\/05\/IMG_4928-420x315.jpg 420w, https:\/\/www.europagymnasium.at\/wp-content\/uploads\/2019\/05\/IMG_4928-744x558.jpg 744w, https:\/\/www.europagymnasium.at\/wp-content\/uploads\/2019\/05\/IMG_4928-768x576.jpg 768w, https:\/\/www.europagymnasium.at\/wp-content\/uploads\/2019\/05\/IMG_4928-400x300.jpg 400w, https:\/\/www.europagymnasium.at\/wp-content\/uploads\/2019\/05\/IMG_4928.jpg 1024w\" sizes=\"auto, (max-width: 420px) 100vw, 420px\" \/><\/a> <a href=\"http:\/\/www.europagymnasium.at\/wp-content\/uploads\/2019\/05\/IMG_4935.jpg\"><img loading=\"lazy\" decoding=\"async\" class=\"alignnone size-thumbnail wp-image-12641\" src=\"http:\/\/www.europagymnasium.at\/wp-content\/uploads\/2019\/05\/IMG_4935-420x315.jpg\" alt=\"\" width=\"420\" height=\"315\" srcset=\"https:\/\/www.europagymnasium.at\/wp-content\/uploads\/2019\/05\/IMG_4935-420x315.jpg 420w, https:\/\/www.europagymnasium.at\/wp-content\/uploads\/2019\/05\/IMG_4935-744x558.jpg 744w, https:\/\/www.europagymnasium.at\/wp-content\/uploads\/2019\/05\/IMG_4935-768x576.jpg 768w, https:\/\/www.europagymnasium.at\/wp-content\/uploads\/2019\/05\/IMG_4935-400x300.jpg 400w, https:\/\/www.europagymnasium.at\/wp-content\/uploads\/2019\/05\/IMG_4935.jpg 1024w\" sizes=\"auto, (max-width: 420px) 100vw, 420px\" \/><\/a> <a href=\"http:\/\/www.europagymnasium.at\/wp-content\/uploads\/2019\/05\/IMG_4937.jpg\"><img loading=\"lazy\" decoding=\"async\" class=\"alignnone size-thumbnail wp-image-12642\" src=\"http:\/\/www.europagymnasium.at\/wp-content\/uploads\/2019\/05\/IMG_4937-420x315.jpg\" alt=\"\" width=\"420\" height=\"315\" srcset=\"https:\/\/www.europagymnasium.at\/wp-content\/uploads\/2019\/05\/IMG_4937-420x315.jpg 420w, https:\/\/www.europagymnasium.at\/wp-content\/uploads\/2019\/05\/IMG_4937-744x558.jpg 744w, https:\/\/www.europagymnasium.at\/wp-content\/uploads\/2019\/05\/IMG_4937-768x576.jpg 768w, https:\/\/www.europagymnasium.at\/wp-content\/uploads\/2019\/05\/IMG_4937-400x300.jpg 400w, https:\/\/www.europagymnasium.at\/wp-content\/uploads\/2019\/05\/IMG_4937.jpg 1024w\" sizes=\"auto, (max-width: 420px) 100vw, 420px\" \/><\/a> <a href=\"http:\/\/www.europagymnasium.at\/wp-content\/uploads\/2019\/05\/IMG_4941.jpg\"><img loading=\"lazy\" decoding=\"async\" class=\"alignnone size-thumbnail wp-image-12643\" src=\"http:\/\/www.europagymnasium.at\/wp-content\/uploads\/2019\/05\/IMG_4941-420x315.jpg\" alt=\"\" width=\"420\" height=\"315\" srcset=\"https:\/\/www.europagymnasium.at\/wp-content\/uploads\/2019\/05\/IMG_4941-420x315.jpg 420w, https:\/\/www.europagymnasium.at\/wp-content\/uploads\/2019\/05\/IMG_4941-744x558.jpg 744w, https:\/\/www.europagymnasium.at\/wp-content\/uploads\/2019\/05\/IMG_4941-768x576.jpg 768w, https:\/\/www.europagymnasium.at\/wp-content\/uploads\/2019\/05\/IMG_4941-400x300.jpg 400w, https:\/\/www.europagymnasium.at\/wp-content\/uploads\/2019\/05\/IMG_4941.jpg 1024w\" sizes=\"auto, (max-width: 420px) 100vw, 420px\" \/><\/a> <a href=\"http:\/\/www.europagymnasium.at\/wp-content\/uploads\/2019\/05\/IMG_4943.jpg\"><img loading=\"lazy\" decoding=\"async\" class=\"alignnone size-thumbnail wp-image-12644\" src=\"http:\/\/www.europagymnasium.at\/wp-content\/uploads\/2019\/05\/IMG_4943-420x315.jpg\" alt=\"\" width=\"420\" height=\"315\" srcset=\"https:\/\/www.europagymnasium.at\/wp-content\/uploads\/2019\/05\/IMG_4943-420x315.jpg 420w, https:\/\/www.europagymnasium.at\/wp-content\/uploads\/2019\/05\/IMG_4943-744x558.jpg 744w, https:\/\/www.europagymnasium.at\/wp-content\/uploads\/2019\/05\/IMG_4943-768x576.jpg 768w, https:\/\/www.europagymnasium.at\/wp-content\/uploads\/2019\/05\/IMG_4943-400x300.jpg 400w, https:\/\/www.europagymnasium.at\/wp-content\/uploads\/2019\/05\/IMG_4943.jpg 1024w\" sizes=\"auto, (max-width: 420px) 100vw, 420px\" \/><\/a> <a href=\"http:\/\/www.europagymnasium.at\/wp-content\/uploads\/2019\/05\/IMG_4944.jpg\"><img loading=\"lazy\" decoding=\"async\" class=\"alignnone size-thumbnail wp-image-12645\" src=\"http:\/\/www.europagymnasium.at\/wp-content\/uploads\/2019\/05\/IMG_4944-420x315.jpg\" alt=\"\" width=\"420\" height=\"315\" srcset=\"https:\/\/www.europagymnasium.at\/wp-content\/uploads\/2019\/05\/IMG_4944-420x315.jpg 420w, https:\/\/www.europagymnasium.at\/wp-content\/uploads\/2019\/05\/IMG_4944-744x558.jpg 744w, https:\/\/www.europagymnasium.at\/wp-content\/uploads\/2019\/05\/IMG_4944-768x576.jpg 768w, https:\/\/www.europagymnasium.at\/wp-content\/uploads\/2019\/05\/IMG_4944-400x300.jpg 400w, https:\/\/www.europagymnasium.at\/wp-content\/uploads\/2019\/05\/IMG_4944.jpg 1024w\" sizes=\"auto, (max-width: 420px) 100vw, 420px\" \/><\/a><\/p>\n","protected":false},"excerpt":{"rendered":"<p class=\"post-excerpt\">Am Donnerstag, den 2. Mai 2019 besuchten wir, die Italienischsch\u00fcler und -sch\u00fclerinnen der 5ABC, mit unseren Italienischprofessorinnen Mag. Eva Wieser-Krainer&hellip;<\/p>\n<div class=\"link-more\"><a href=\"https:\/\/www.europagymnasium.at\/de\/2019\/05\/die-5abc-in-cividale-di-friuli-und-san-pietro-al-natisone\/\">Continue reading<span class=\"screen-reader-text\"> \"Die 5ABC in Cividale di Friuli und San Pietro al Natisone\"<\/span>&hellip;<\/a><\/div>","protected":false},"author":1,"featured_media":12640,"comment_status":"closed","ping_status":"closed","sticky":false,"template":"","format":"standard","meta":{"footnotes":""},"categories":[5],"tags":[],"class_list":["post-12633","post","type-post","status-publish","format-standard","has-post-thumbnail","hentry","category-unkategorisiert"],"_links":{"self":[{"href":"https:\/\/www.europagymnasium.at\/de\/wp-json\/wp\/v2\/posts\/12633","targetHints":{"allow":["GET"]}}],"collection":[{"href":"https:\/\/www.europagymnasium.at\/de\/wp-json\/wp\/v2\/posts"}],"about":[{"href":"https:\/\/www.europagymnasium.at\/de\/wp-json\/wp\/v2\/types\/post"}],"author":[{"embeddable":true,"href":"https:\/\/www.europagymnasium.at\/de\/wp-json\/wp\/v2\/users\/1"}],"replies":[{"embeddable":true,"href":"https:\/\/www.europagymnasium.at\/de\/wp-json\/wp\/v2\/comments?post=12633"}],"version-history":[{"count":2,"href":"https:\/\/www.europagymnasium.at\/de\/wp-json\/wp\/v2\/posts\/12633\/revisions"}],"predecessor-version":[{"id":18731,"href":"https:\/\/www.europagymnasium.at\/de\/wp-json\/wp\/v2\/posts\/12633\/revisions\/18731"}],"wp:featuredmedia":[{"embeddable":true,"href":"https:\/\/www.europagymnasium.at\/de\/wp-json\/wp\/v2\/media\/12640"}],"wp:attachment":[{"href":"https:\/\/www.europagymnasium.at\/de\/wp-json\/wp\/v2\/media?parent=12633"}],"wp:term":[{"taxonomy":"category","embeddable":true,"href":"https:\/\/www.europagymnasium.at\/de\/wp-json\/wp\/v2\/categories?post=12633"},{"taxonomy":"post_tag","embeddable":true,"href":"https:\/\/www.europagymnasium.at\/de\/wp-json\/wp\/v2\/tags?post=12633"}],"curies":[{"name":"wp","href":"https:\/\/api.w.org\/{rel}","templated":true}]}}