{"id":11343,"date":"2018-03-21T13:45:07","date_gmt":"2018-03-21T12:45:07","guid":{"rendered":"http:\/\/www.europagymnasium.at\/\/?p=11343"},"modified":"2021-12-28T13:05:33","modified_gmt":"2021-12-28T12:05:33","slug":"mehr-als-0-und-1-das-europagymnasium-in-einer-digitalisierten-welt","status":"publish","type":"post","link":"https:\/\/www.europagymnasium.at\/de\/2018\/03\/mehr-als-0-und-1-das-europagymnasium-in-einer-digitalisierten-welt\/","title":{"rendered":"Mehr als 0 und 1: Das Europagymnasium in einer digitalisierten Welt"},"content":{"rendered":"<p lang=\"de-DE\"><span style=\"color: #5a5a5a;\"><span lang=\"de-AT\">P\u00e4dagogischer Tag des Europagymnasiums Klagenfurt zur Einf\u00fchrung der verbindlichen \u00dcbung digitale Grundbildung im Herbst 2018 | Sa. 10.3.18, 9-16h, Seminarhotel Zollner<\/span><\/span><\/p>\n<p lang=\"de-DE\">&nbsp;<\/p>\n<table width=\"604\" cellspacing=\"0\" cellpadding=\"7\">\n<colgroup>\n<col width=\"89\">\n<col width=\"485\"> <\/colgroup>\n<tbody>\n<tr valign=\"top\">\n<td style=\"background: #e7e6e6;\" bgcolor=\"#e7e6e6\" width=\"89\">\n<p align=\"right\"><span style=\"font-size: medium;\"><span lang=\"de-AT\"><b>09:00 \u2013 10:30<\/b><\/span><\/span><\/p>\n<\/td>\n<td width=\"485\"><span lang=\"de-AT\"><b>Die verbindliche \u00dcbung digitale Grundbildung im globalen Kontext<\/b><\/span><\/p>\n<ul>\n<li>\n<p lang=\"de-DE\"><span style=\"font-family: 'PT Sans', sans-serif;\"><span style=\"font-size: small;\"><span lang=\"de-AT\">Begr\u00fc\u00dfung und Einleitung<\/span><\/span><\/span><\/p>\n<\/li>\n<li>\n<p lang=\"de-DE\"><span style=\"font-family: 'PT Sans', sans-serif;\"><span style=\"font-size: small;\"><span lang=\"de-AT\">Digitale Grundbildung als verordnete<a class=\"sdfootnoteanc\" href=\"#sdfootnote1sym\" name=\"sdfootnote1anc\"><sup>1<\/sup><\/a> verbindliche \u00dcbung: Eckpunkte und schulautonome Gestaltungsm\u00f6glichkeiten<\/span><\/span><\/span><\/p>\n<\/li>\n<li>\n<p lang=\"de-DE\"><span style=\"font-family: 'PT Sans', sans-serif;\"><span style=\"font-size: small;\"><span lang=\"de-AT\">Kein Kind ohne digitale Kompetenzen \u2013 digitale Bildung f\u00fcr alle: Eine Einf\u00fchrung in die Inhalte des Lehrplans<\/span><\/span><\/span><\/p>\n<\/li>\n<li>\n<p lang=\"de-DE\"><span style=\"font-family: 'PT Sans', sans-serif;\"><span style=\"font-size: small;\"><span lang=\"de-AT\">\u00d6sterreich ist keine Insel: Digitale Grundbildung im globalen Kontext<\/span><\/span><\/span><\/p>\n<\/li>\n<\/ul>\n<p><span lang=\"de-AT\">Dir. Gerhard Hopfgartner, Thomas N\u00e1rosy<\/span><\/td>\n<\/tr>\n<tr valign=\"top\">\n<td style=\"background: #e7e6e6;\" bgcolor=\"#e7e6e6\" width=\"89\">\n<p align=\"right\"><span style=\"font-size: medium;\"><span lang=\"de-AT\"><b>10:30 \u2013 11:00<\/b><\/span><\/span><\/p>\n<\/td>\n<td style=\"background: #e7e6e6;\" bgcolor=\"#e7e6e6\" width=\"485\"><span style=\"font-size: medium;\"><span lang=\"de-AT\">PAUSE<\/span><\/span><\/td>\n<\/tr>\n<tr valign=\"top\">\n<td style=\"background: #e7e6e6;\" bgcolor=\"#e7e6e6\" width=\"89\">\n<p align=\"right\"><span style=\"font-size: medium;\"><span lang=\"de-AT\"><b>11:00 \u2013 12:30<\/b><\/span><\/span><\/p>\n<\/td>\n<td width=\"485\"><span lang=\"de-AT\"><b>Schule ist mehr als 0 und 1<\/b><\/span><\/p>\n<ul>\n<li>\n<p lang=\"de-DE\"><span style=\"font-family: 'PT Sans', sans-serif;\"><span style=\"font-size: small;\"><span lang=\"de-AT\">Die Aufgabe der Schule in einer digitalisierten Welt<\/span><\/span><\/span><\/p>\n<\/li>\n<li>\n<p lang=\"de-DE\"><span style=\"font-family: 'PT Sans', sans-serif;\"><span style=\"font-size: small;\"><span lang=\"de-AT\">Schule \u201edigital-inklusiv\u201c: Zum Beispiel am Europagymnasium &#8230;<\/span><\/span><\/span><\/p>\n<ul>\n<li>\n<p lang=\"de-DE\"><span style=\"font-family: 'PT Sans', sans-serif;\"><span style=\"font-size: small;\"><span lang=\"de-AT\">Sabine Seidl: Sprachsensibler Unterricht<\/span><\/span><\/span><\/p>\n<\/li>\n<li>\n<p lang=\"de-DE\"><span style=\"font-family: 'PT Sans', sans-serif;\"><span style=\"font-size: small;\"><span lang=\"de-AT\">Silke Guggenberger: Projekt MINT-F\u00e4cher<\/span><\/span><\/span><\/p>\n<\/li>\n<li>\n<p lang=\"de-DE\"><span style=\"font-family: 'PT Sans', sans-serif;\"><span style=\"font-size: small;\"><span lang=\"de-AT\">Kerstin Meidl: Quizlet<\/span><\/span><\/span><\/p>\n<\/li>\n<li>\n<p lang=\"de-DE\"><span style=\"font-family: 'PT Sans', sans-serif;\"><span style=\"font-size: small;\"><span lang=\"de-AT\">Patricia Rasser: Kahoot<\/span><\/span><\/span><\/p>\n<\/li>\n<\/ul>\n<\/li>\n<li>\n<p lang=\"de-DE\"><span style=\"font-family: 'PT Sans', sans-serif;\"><span style=\"font-size: small;\"><span lang=\"de-AT\">Pflicht und K\u00fcr: Digitale Grundbildung als Basis f\u00fcr \u201edigital-inklusives\u201c, \u201ebesseres\u201c fachliches und fach\u00fcbergreifendes Lernen<\/span><\/span><\/span><\/p>\n<\/li>\n<\/ul>\n<\/td>\n<\/tr>\n<tr valign=\"top\">\n<td style=\"background: #e7e6e6;\" bgcolor=\"#e7e6e6\" width=\"89\">\n<p align=\"right\"><span style=\"font-size: medium;\"><span lang=\"de-AT\"><b>12:30 \u2013 14:00<\/b><\/span><\/span><\/p>\n<\/td>\n<td style=\"background: #e7e6e6;\" bgcolor=\"#e7e6e6\" width=\"485\"><span style=\"font-size: medium;\"><span lang=\"de-AT\">MITTAGSPAUSE<\/span><\/span><\/td>\n<\/tr>\n<tr valign=\"top\">\n<td style=\"background: #e7e6e6;\" bgcolor=\"#e7e6e6\" width=\"89\">\n<p align=\"right\"><span style=\"font-size: medium;\"><span lang=\"de-AT\"><b>14:00 \u2013 16:00<\/b><\/span><\/span><\/p>\n<\/td>\n<td width=\"485\"><span lang=\"de-AT\"><b>Next Steps<\/b><\/span><\/p>\n<ul>\n<li>\n<p lang=\"de-DE\"><span style=\"font-family: 'PT Sans', sans-serif;\"><span style=\"font-size: small;\"><span lang=\"de-AT\">Keine Lehrperson ohne digitale Kompetenzen: Der digi.kompP<a class=\"sdfootnoteanc\" href=\"#sdfootnote2sym\" name=\"sdfootnote2anc\"><sup>2<\/sup><\/a>-Standard im Rahmen der P\u00e4dagog\/innenbildung NEU und die M\u00f6glichkeiten der pers\u00f6nlichen und gemeinsamen Fort- und Weiterbildung<\/span><\/span><\/span><\/p>\n<\/li>\n<li>\n<p lang=\"de-DE\"><span style=\"font-family: 'PT Sans', sans-serif;\"><span style=\"font-size: small;\"><span lang=\"de-AT\">Biete! Suche! Am Marktplatz der Fragen und Antworten<\/span><\/span><\/span><\/p>\n<\/li>\n<li>\n<p lang=\"de-DE\"><span style=\"font-family: 'PT Sans', sans-serif;\"><span style=\"font-size: small;\"><span lang=\"de-AT\">Gruppenarbeit: Evidenz-informierte digitale Grundbildung \u2013 Ideensammlung f\u00fcr die weitere Entwicklungsarbeit am Europagymnasium<\/span><\/span><\/span><\/p>\n<\/li>\n<li>\n<p lang=\"de-DE\"><span style=\"font-family: 'PT Sans', sans-serif;\"><span style=\"font-size: small;\"><span lang=\"de-AT\">Bericht aus den Gruppenarbeiten, Fragen, Antworten, Abschluss<\/span><\/span><\/span><\/p>\n<\/li>\n<\/ul>\n<\/td>\n<\/tr>\n<tr valign=\"top\">\n<td style=\"background: #e7e6e6;\" bgcolor=\"#e7e6e6\" width=\"89\">\n<p align=\"right\"><span style=\"font-size: medium;\"><span lang=\"de-AT\"><b>16:00<\/b><\/span><\/span><\/p>\n<\/td>\n<td style=\"background: #e7e6e6;\" bgcolor=\"#e7e6e6\" width=\"485\"><span style=\"font-size: medium;\"><span lang=\"de-AT\">ENDE der Veranstaltung \u2013 gemeinsame R\u00fcckfahrt mit dem Bus<\/span><\/span><\/td>\n<\/tr>\n<\/tbody>\n<\/table>\n<div id=\"sdfootnote1\">\n<p lang=\"de-DE\">&nbsp;<\/p>\n<p lang=\"de-DE\"><span style=\"font-family: 'PT Sans', sans-serif;\"><span style=\"font-size: small;\"><span lang=\"de-AT\"><span style=\"font-size: 12px;\">1&nbsp;<\/span><span style=\"font-family: 'PT Sans', sans-serif; font-size: small;\">Der Tagungstitel ist an den Titel eines ungemein empfehlenswerten Buches von Beat D\u00f6beli Honegger angelehnt: Mehr als 0 und 1: Schule in einer digitalisierten Welt. <\/span><a style=\"font-family: 'PT Sans', sans-serif; font-size: small;\" href=\"http:\/\/mehrals0und1.ch\/Digital\/\">http:\/\/mehrals0und1.ch\/Digital\/<\/a> <\/span><\/span><\/span><\/p>\n<p lang=\"de-DE\"><span style=\"font-family: 'PT Sans', sans-serif;\"><span style=\"font-size: small;\"><span lang=\"de-AT\"><span style=\"font-size: 12px;\">2&nbsp;<\/span><span style=\"font-family: 'PT Sans', sans-serif; font-size: small;\">Die Verordnung wird nach Auskunft des BMBWF am 1.9.2018 erlassen; die wesentlichen Eckpunkte und der Inhalt des Lehrplans sind jetzt schon bekannt und werden ausf\u00fchrlich im Rahmen des p\u00e4dagogischen Tages vorgestellt.<\/span><\/span><\/span><\/span><\/p>\n<p lang=\"de-DE\"><sup>3<\/sup><span style=\"font-family: 'PT Sans', sans-serif;\"><span style=\"font-size: small;\"><a href=\"http:\/\/www.virtuelle-ph.at\/digikomp\/\">http:\/\/www.virtuelle-ph.at\/digikomp\/<\/a> <\/span><\/span><\/p>\n<\/div>\n<p>&nbsp;<\/p>\n<p>Vorbereitung: Steuergruppe des Europagymnasiums gemeinsam mit Thomas N\u00e1rosy<a class=\"sdfootnoteanc\" href=\"#sdfootnote1sym\" name=\"sdfootnote1anc\"><sup>1<\/sup><\/a><\/p>\n<p>Impulsvortr\u00e4ge und Gesamtmoderation: Thomas N\u00e1rosy<\/p>\n<p>Moderation der Arbeitsgruppen: Steuergruppe<\/p>\n<p><span style=\"font-size: medium;\">Die Sensibilisierung des gesamten Kollegiums und die Vermittlung\/Gewinnung\/Erarbeitung eines schulweit gemeinsamen Bildes von &#8222;Digitalisierung&#8220; in Bezug auf das Europagymnasium war ein Ziel des p\u00e4dagogischen Tages.<\/span><\/p>\n<p><span style=\"font-size: medium;\">Thomas N\u00e0rosy, seit zwanzig Jahren mit dem Thema der \u201edigital-inklusiven\u201c Bildungsinnovation befasst, moderierte diesen p\u00e4dagogischen Tag:<\/span><\/p>\n<p>\u201e<span style=\"font-size: medium;\"><i>Bildung und der Bildungsprozess geh\u00f6ren zum Fundament des Menschlichen. Ein Fundament, das ohne digitale Medien und Werkzeuge und den allgemeinen Erwerb informatischer Kompetenzen nicht mehr gut genug ist; ein Fundament, das sich dabei immer seiner Wurzeln, seiner Notwendigkeit und seines Eigenwerts sowie seiner Orientierung am Menschlichen bewusst bleiben muss.\u201c<\/i><\/span><\/p>\n<p>OStR Mag.<sup><span style=\"font-size: large;\">a<\/span><\/sup> Iris Mallweger-Grasser<\/p>\n<div id=\"sdfootnote1\">\n<p lang=\"de-DE\"><span style=\"font-family: 'PT Sans', sans-serif;\"><span style=\"font-size: small;\"><a class=\"sdfootnotesym\" href=\"#sdfootnote1anc\" name=\"sdfootnote1sym\">1<\/a>&nbsp;<a href=\"https:\/\/tn-bildungsinnovation.com\/\">https:\/\/tn-bildungsinnovation.com\/<\/a> <\/span><\/span><\/p>\n<\/div>\n<p lang=\"de-DE\"><a href=\"http:\/\/www.europagymnasium.at\/wp-content\/uploads\/2018\/03\/Thomas-Narosy-e1521636287531.jpg\"><img loading=\"lazy\" decoding=\"async\" class=\"alignnone size-thumbnail wp-image-11344\" src=\"http:\/\/www.europagymnasium.at\/wp-content\/uploads\/2018\/03\/Thomas-Narosy-e1521636287531-420x560.jpg\" alt=\"\" width=\"420\" height=\"560\" srcset=\"https:\/\/www.europagymnasium.at\/wp-content\/uploads\/2018\/03\/Thomas-Narosy-e1521636287531-420x560.jpg 420w, https:\/\/www.europagymnasium.at\/wp-content\/uploads\/2018\/03\/Thomas-Narosy-e1521636287531-744x992.jpg 744w, https:\/\/www.europagymnasium.at\/wp-content\/uploads\/2018\/03\/Thomas-Narosy-e1521636287531-768x1024.jpg 768w, https:\/\/www.europagymnasium.at\/wp-content\/uploads\/2018\/03\/Thomas-Narosy-e1521636287531-1200x1600.jpg 1200w, https:\/\/www.europagymnasium.at\/wp-content\/uploads\/2018\/03\/Thomas-Narosy-e1521636287531-225x300.jpg 225w\" sizes=\"auto, (max-width: 420px) 100vw, 420px\" \/><\/a><\/p>\n","protected":false},"excerpt":{"rendered":"<p class=\"post-excerpt\">P\u00e4dagogischer Tag des Europagymnasiums Klagenfurt zur Einf\u00fchrung der verbindlichen \u00dcbung digitale Grundbildung im Herbst 2018 | Sa. 10.3.18, 9-16h, Seminarhotel&hellip;<\/p>\n<div class=\"link-more\"><a href=\"https:\/\/www.europagymnasium.at\/de\/2018\/03\/mehr-als-0-und-1-das-europagymnasium-in-einer-digitalisierten-welt\/\">Continue reading<span class=\"screen-reader-text\"> \"Mehr als 0 und 1: Das Europagymnasium in einer digitalisierten Welt\"<\/span>&hellip;<\/a><\/div>","protected":false},"author":1,"featured_media":11345,"comment_status":"closed","ping_status":"closed","sticky":false,"template":"","format":"standard","meta":{"footnotes":""},"categories":[5],"tags":[],"class_list":["post-11343","post","type-post","status-publish","format-standard","has-post-thumbnail","hentry","category-unkategorisiert"],"_links":{"self":[{"href":"https:\/\/www.europagymnasium.at\/de\/wp-json\/wp\/v2\/posts\/11343","targetHints":{"allow":["GET"]}}],"collection":[{"href":"https:\/\/www.europagymnasium.at\/de\/wp-json\/wp\/v2\/posts"}],"about":[{"href":"https:\/\/www.europagymnasium.at\/de\/wp-json\/wp\/v2\/types\/post"}],"author":[{"embeddable":true,"href":"https:\/\/www.europagymnasium.at\/de\/wp-json\/wp\/v2\/users\/1"}],"replies":[{"embeddable":true,"href":"https:\/\/www.europagymnasium.at\/de\/wp-json\/wp\/v2\/comments?post=11343"}],"version-history":[{"count":2,"href":"https:\/\/www.europagymnasium.at\/de\/wp-json\/wp\/v2\/posts\/11343\/revisions"}],"predecessor-version":[{"id":18483,"href":"https:\/\/www.europagymnasium.at\/de\/wp-json\/wp\/v2\/posts\/11343\/revisions\/18483"}],"wp:featuredmedia":[{"embeddable":true,"href":"https:\/\/www.europagymnasium.at\/de\/wp-json\/wp\/v2\/media\/11345"}],"wp:attachment":[{"href":"https:\/\/www.europagymnasium.at\/de\/wp-json\/wp\/v2\/media?parent=11343"}],"wp:term":[{"taxonomy":"category","embeddable":true,"href":"https:\/\/www.europagymnasium.at\/de\/wp-json\/wp\/v2\/categories?post=11343"},{"taxonomy":"post_tag","embeddable":true,"href":"https:\/\/www.europagymnasium.at\/de\/wp-json\/wp\/v2\/tags?post=11343"}],"curies":[{"name":"wp","href":"https:\/\/api.w.org\/{rel}","templated":true}]}}